{"id":9994,"date":"2020-04-09T00:00:00","date_gmt":"2020-04-09T00:00:00","guid":{"rendered":"https:\/\/abeille-preprod.eliott-markus.cloud\/difficultes-entreprises-exploitations-agricoles\/"},"modified":"2020-04-09T00:00:00","modified_gmt":"2020-04-09T00:00:00","slug":"difficultes-entreprises-exploitations-agricoles","status":"publish","type":"post","link":"https:\/\/abeille.law\/en\/difficultes-entreprises-exploitations-agricoles\/","title":{"rendered":"COVID-19 : Difficult\u00e9s des entreprises et des exploitations agricoles \u00e0 l&#8217;urgence sanitaire"},"content":{"rendered":"<h2>Mesures prises dans le cadre de la luttre contre les cons\u00e9quences de la crise li\u00e9es au Coronavirus<\/h2>\n<blockquote><p>Ordonnance n\u00b0 2020-341 du 27 mars 2020 portant adaptation des r\u00e8gles relatives aux <strong>difficult\u00e9s des entreprises<\/strong> et des exploitations agricoles \u00e0 l&#8217;<strong>urgence sanitaire<\/strong><\/p><\/blockquote>\n<p>Suite \u00e0 La\u00a0<a title=\"Legifrance | Loi n\u00b02020-290\" href=\"https:\/\/www.legifrance.gouv.fr\/affichTexte.do?cidTexte=JORFTEXT000041746313&#038;categorieLien=id\" target=\"_blank\" rel=\"noopener\">loi n\u00b02020-290 du 23 mars 2020<\/a>\u00a0instaurant l\u2019\u00e9tat d\u2019urgence sanitaire pour faire face \u00e0 l\u2019\u00e9pid\u00e9mie de Covid-19, l<a title=\"Legifrance | Ordonnance n\u00b02020-341\" href=\"https:\/\/www.legifrance.gouv.fr\/affichTexte.do?cidTexte=JORFTEXT000041762344&#038;dateTexte=&#038;categorieLien=id\" target=\"_blank\" rel=\"noopener\">\u2019ordonnance n\u00b02020-341 du 27 mars 2020\u00a0<\/a>a pr\u00e9vu \u00a0un certain nombre d\u2019adaptations des r\u00e8gles relatives aux difficult\u00e9s des entreprises dans ce contexte d\u2019urgence sanitaire,\u00a0pendant la p\u00e9riode correspondant \u00e0 l\u2019\u00e9tat d\u2019urgence sanitaire augment\u00e9e de trois mois:<\/p>\n<h3>1. Modification des dispositions relatives \u00e0 la fixation dans le temps de l\u2019\u00e9tat de cessation des paiements<\/h3>\n<ul>\n<li>permettre aux entreprises de b\u00e9n\u00e9ficier des mesures et proc\u00e9dures de pr\u00e9vention des difficult\u00e9s, telles que la <strong>conciliation<\/strong> et la <strong>sauvegarde<\/strong>, m\u00eame si leur situation s\u2019aggravait apr\u00e8s le 12 mars 2020\u00a0; l\u2019appr\u00e9ciation de l\u2019\u00e9tat de cessation des paiements s\u2019effectue au regard de la situation de l\u2019entreprise arr\u00eat\u00e9e au 12 mars 2020.<\/li>\n<\/ul>\n<ul>\n<li>permettre \u00e9galement aux repr\u00e9sentants l\u00e9gaux de la soci\u00e9t\u00e9 en difficult\u00e9 d\u2019\u00e9viter des poursuites et sanctions personnelles pour ne pas avoir d\u00e9clar\u00e9 durant cette p\u00e9riode l\u2019\u00e9tat de cessation de paiement de l\u2019entreprise dans les d\u00e9lais.<\/li>\n<\/ul>\n<ul>\n<li>le d\u00e9biteur conserve la facult\u00e9 de demander dans les conditions habituelles l\u2019ouverture d\u2019une proc\u00e9dure de redressement judiciaire ou de liquidation judiciaire, avec notamment l\u2019arr\u00eat des poursuites et la possibilit\u00e9 de prise en charge des salaires par les AGS.<\/li>\n<\/ul>\n<p>\u00a0<\/p>\n<h3>2. Prolongation de plein droit des p\u00e9riodes de conciliation pour une dur\u00e9e correspondant \u00e0 l\u2019\u00e9tat d\u2019urgence sanitaire augment\u00e9 de trois mois.<\/h3>\n<p>\u00a0\u00a0<\/p>\n<h3>3. Prolongation par le Pr\u00e9sident du tribunal de commerce des plans de sauvegarde (article L626-12 du code de commerce) et de redressement (L.631-19 du code de commerce)<\/h3>\n<ul>\n<li>sur requ\u00eate du commissaire \u00e0 l\u2019ex\u00e9cution du plan pour une dur\u00e9e correspondant \u00e0 la dur\u00e9e de l\u2019\u00e9tat d\u2019urgence sanitaire augment\u00e9e de trois mois,<\/li>\n<\/ul>\n<ul>\n<li>sur requ\u00eate du minist\u00e8re public, pour une dur\u00e9e maximale d\u2019un an. Une prolongation suppl\u00e9mentaire du plan pour une dur\u00e9e maximal d\u2019un an pourra \u00eatre ordonn\u00e9e par le tribunal apr\u00e8s l\u2019expiration de ces premiers d\u00e9lais sur requ\u00eate du commissaire \u00e0 l\u2019ex\u00e9cution du plan ou du minist\u00e8re public pendant une p\u00e9riode de six mois.<\/li>\n<\/ul>\n<p>Objet\u00a0: \u00a0\u00e9viter \u00a0de devoir respecter la proc\u00e9dure contraignante d\u2019une <strong>modification substantielle du plan<\/strong>, laquelle reste par ailleurs envisageable.<\/p>\n<h3>4. Inapplicabilit\u00e9 du d\u00e9lai de 2 mois de l\u2019article L.631-15 I du Code de commercerelatif \u00e0 la poursuite des p\u00e9riodes d\u2019observation.<\/h3>\n<p>\u00a0<\/p>\n<h3>5. Modification des modalit\u00e9s de saisine et de comparution devant les juridictions commerciales pour s\u2019adapter au t\u00e9l\u00e9travail et privil\u00e9gier les communications d\u00e9mat\u00e9rialis\u00e9es.<\/h3>\n<ul>\n<li>les actes par lesquels le d\u00e9biteur saisit la juridiction sont remis au greffe par tout moyen,<\/li>\n<\/ul>\n<ul>\n<li>les pr\u00e9tentions et observations sont effectu\u00e9es par \u00e9crit et communiqu\u00e9es par tout moyen,<\/li>\n<\/ul>\n<ul>\n<li>les d\u00e9cisions peuvent \u00eatre prises sans audience.<\/li>\n<\/ul>\n<p>Il en est de m\u00eame pour les communications des organes de la <strong>proc\u00e9dure collective<\/strong> avec le greffe ou le tribunal.<\/p>\n<p>\u00a0\u00a0<\/p>\n<h3>6. Prise en charge simplifi\u00e9e des cr\u00e9ances salariales par l\u2019AGS<strong>\u00a0<\/strong>pendant la p\u00e9riode<\/h3>\n<ul>\n<li>transmission par le mandataire \u00e0 l\u2019AGS des relev\u00e9s de cr\u00e9ances salariales sans attendre l\u2019intervention du repr\u00e9sentant des salari\u00e9s et du juge-commissaire.<\/li>\n<\/ul>\n<p>\u00a0\u00a0<\/p>\n<h3>7. Prolongation, pour une dur\u00e9e correspondant \u00e0 la dur\u00e9e de l\u2019\u00e9tat d\u2019urgence sanitaire augment\u00e9 de trois mois, de certains d\u00e9lais difficiles \u00e0 respecter, notamment<\/h3>\n<ul>\n<li>p\u00e9riodes de garantie de l\u2019AGS de certaines cr\u00e9ances salariales (Article L.3253-8, 2\u00b0, b, c, d, et 5\u00b0 du Code du travail)<\/li>\n<li>certains d\u00e9lais impos\u00e9s aux administrateurs judiciaires, aux mandataires judiciaires, aux liquidateurs ou aux commissaires \u00e0 l\u2019ex\u00e9cution du plan, avec appr\u00e9ciation au cas par cas\u00a0;<\/li>\n<li>dur\u00e9es relatives \u00e0 la p\u00e9riode d\u2019observation, au plan, au maintien de l\u2019activit\u00e9, et \u00e0 la dur\u00e9e de la proc\u00e9dure de liquidation judiciaire simplifi\u00e9e.<\/li>\n<\/ul>\n<p>\u00a0\u00a0<\/p>\n<p>Les modalit\u00e9s d\u2019application plus pr\u00e9cise on fait par ailleurs l\u2019objet d\u2019une <a title=\"Jutice.gouv.fr | Circulaire du 30 mars 2020\" href=\"http:\/\/www.justice.gouv.fr\/bo\/2020\/20200401\/JUSC2008794C.pdf\" target=\"_blank\" rel=\"noopener\">circulaire du 30 mars 2020<\/a>.\u00a0\u00a0<\/p>\n<p>Notre p\u00f4le droit des affaires <a title=\"Abeille &#038; Associ\u00e9s | Droit des affaires | Contact\" href=\"fr\/contact\">demeure \u00e0 votre enti\u00e8re disposition<\/a> pour vous accompagner dans la gestion et le traitement amiable ou judiciaire de vos difficult\u00e9s.<\/p>\n<p>\u00a0<\/p>\n<p>\u00a0<\/p>\n","protected":false},"excerpt":{"rendered":"<p>Mesures prises dans le cadre de la luttre contre les cons\u00e9quences de la crise li\u00e9es au Coronavirus Ordonnance n\u00b0 2020-341 du 27 mars 2020 portant adaptation des r\u00e8gles relatives aux difficult\u00e9s des entreprises et des exploitations agricoles \u00e0 l&#8217;urgence sanitaire Suite \u00e0 La\u00a0loi n\u00b02020-290 du 23 mars 2020\u00a0instaurant l\u2019\u00e9tat d\u2019urgence sanitaire pour faire face \u00e0 [&hellip;]<\/p>\n","protected":false},"author":1,"featured_media":0,"comment_status":"open","ping_status":"open","sticky":false,"template":"","format":"standard","meta":{"_acf_changed":false,"footnotes":""},"categories":[190],"tags":[],"class_list":["post-9994","post","type-post","status-publish","format-standard","hentry","category-juridiques"],"acf":[],"yoast_head":"<!-- This site is optimized with the Yoast SEO plugin v27.1.1 - https:\/\/yoast.com\/product\/yoast-seo-wordpress\/ -->\n<title>COVID-19 : Difficult\u00e9s des entreprises et des exploitations agricoles \u00e0 l&#039;urgence sanitaire | Abeille Avocats<\/title>\n<meta name=\"robots\" content=\"index, follow, max-snippet:-1, max-image-preview:large, max-video-preview:-1\" \/>\n<link rel=\"canonical\" href=\"https:\/\/abeille.law\/difficultes-entreprises-exploitations-agricoles\/\" \/>\n<meta property=\"og:locale\" content=\"en_US\" \/>\n<meta property=\"og:type\" content=\"article\" \/>\n<meta property=\"og:title\" content=\"COVID-19 : Difficult\u00e9s des entreprises et des exploitations agricoles \u00e0 l&#039;urgence sanitaire | Abeille Avocats\" \/>\n<meta property=\"og:description\" content=\"Mesures prises dans le cadre de la luttre contre les cons\u00e9quences de la crise li\u00e9es au Coronavirus Ordonnance n\u00b0 2020-341 du 27 mars 2020 portant adaptation des r\u00e8gles relatives aux difficult\u00e9s des entreprises et des exploitations agricoles \u00e0 l&#8217;urgence sanitaire Suite \u00e0 La\u00a0loi n\u00b02020-290 du 23 mars 2020\u00a0instaurant l\u2019\u00e9tat d\u2019urgence sanitaire pour faire face \u00e0 [&hellip;]\" \/>\n<meta property=\"og:url\" content=\"https:\/\/abeille.law\/difficultes-entreprises-exploitations-agricoles\/\" \/>\n<meta property=\"og:site_name\" content=\"Abeille Avocats\" \/>\n<meta property=\"article:published_time\" content=\"2020-04-09T00:00:00+00:00\" \/>\n<meta name=\"author\" content=\"abeille\" \/>\n<meta name=\"twitter:card\" content=\"summary_large_image\" \/>\n<meta name=\"twitter:label1\" content=\"Written by\" \/>\n\t<meta name=\"twitter:data1\" content=\"abeille\" \/>\n\t<meta name=\"twitter:label2\" content=\"Est. reading time\" \/>\n\t<meta name=\"twitter:data2\" content=\"4 minutes\" \/>\n<script type=\"application\/ld+json\" class=\"yoast-schema-graph\">{\"@context\":\"https:\/\/schema.org\",\"@graph\":[{\"@type\":\"Article\",\"@id\":\"https:\/\/abeille.law\/difficultes-entreprises-exploitations-agricoles\/#article\",\"isPartOf\":{\"@id\":\"https:\/\/abeille.law\/difficultes-entreprises-exploitations-agricoles\/\"},\"author\":{\"name\":\"abeille\",\"@id\":\"https:\/\/abeille.law\/#\/schema\/person\/e4542ce115cbaffa18678384edb2ff3a\"},\"headline\":\"COVID-19 : Difficult\u00e9s des entreprises et des exploitations agricoles \u00e0 l&#8217;urgence sanitaire\",\"datePublished\":\"2020-04-09T00:00:00+00:00\",\"mainEntityOfPage\":{\"@id\":\"https:\/\/abeille.law\/difficultes-entreprises-exploitations-agricoles\/\"},\"wordCount\":759,\"commentCount\":0,\"articleSection\":[\"Juridiques\"],\"inLanguage\":\"en-US\",\"potentialAction\":[{\"@type\":\"CommentAction\",\"name\":\"Comment\",\"target\":[\"https:\/\/abeille.law\/difficultes-entreprises-exploitations-agricoles\/#respond\"]}]},{\"@type\":\"WebPage\",\"@id\":\"https:\/\/abeille.law\/difficultes-entreprises-exploitations-agricoles\/\",\"url\":\"https:\/\/abeille.law\/difficultes-entreprises-exploitations-agricoles\/\",\"name\":\"COVID-19 : Difficult\u00e9s des entreprises et des exploitations agricoles \u00e0 l'urgence sanitaire | Abeille Avocats\",\"isPartOf\":{\"@id\":\"https:\/\/abeille.law\/#website\"},\"datePublished\":\"2020-04-09T00:00:00+00:00\",\"author\":{\"@id\":\"https:\/\/abeille.law\/#\/schema\/person\/e4542ce115cbaffa18678384edb2ff3a\"},\"breadcrumb\":{\"@id\":\"https:\/\/abeille.law\/difficultes-entreprises-exploitations-agricoles\/#breadcrumb\"},\"inLanguage\":\"en-US\",\"potentialAction\":[{\"@type\":\"ReadAction\",\"target\":[\"https:\/\/abeille.law\/difficultes-entreprises-exploitations-agricoles\/\"]}]},{\"@type\":\"BreadcrumbList\",\"@id\":\"https:\/\/abeille.law\/difficultes-entreprises-exploitations-agricoles\/#breadcrumb\",\"itemListElement\":[{\"@type\":\"ListItem\",\"position\":1,\"name\":\"Accueil\",\"item\":\"https:\/\/abeille.law\/en\/\"},{\"@type\":\"ListItem\",\"position\":2,\"name\":\"COVID-19 : Difficult\u00e9s des entreprises et des exploitations agricoles \u00e0 l&rsquo;urgence sanitaire\"}]},{\"@type\":\"WebSite\",\"@id\":\"https:\/\/abeille.law\/#website\",\"url\":\"https:\/\/abeille.law\/\",\"name\":\"Abeille Avocats\",\"description\":\"\",\"alternateName\":\"Abeille Avocats\",\"potentialAction\":[{\"@type\":\"SearchAction\",\"target\":{\"@type\":\"EntryPoint\",\"urlTemplate\":\"https:\/\/abeille.law\/?s={search_term_string}\"},\"query-input\":{\"@type\":\"PropertyValueSpecification\",\"valueRequired\":true,\"valueName\":\"search_term_string\"}}],\"inLanguage\":\"en-US\"},{\"@type\":\"Person\",\"@id\":\"https:\/\/abeille.law\/#\/schema\/person\/e4542ce115cbaffa18678384edb2ff3a\",\"name\":\"abeille\",\"image\":{\"@type\":\"ImageObject\",\"inLanguage\":\"en-US\",\"@id\":\"https:\/\/abeille.law\/#\/schema\/person\/image\/\",\"url\":\"https:\/\/abeille.law\/wp-content\/litespeed\/avatar\/2fb2fba12ee04aaa181ee5a23ebd4173.jpg?ver=1777551493\",\"contentUrl\":\"https:\/\/abeille.law\/wp-content\/litespeed\/avatar\/2fb2fba12ee04aaa181ee5a23ebd4173.jpg?ver=1777551493\",\"caption\":\"abeille\"},\"sameAs\":[\"http:\/\/abeille.test\"]}]}<\/script>\n<!-- \/ Yoast SEO plugin. -->","yoast_head_json":{"title":"COVID-19 : Difficult\u00e9s des entreprises et des exploitations agricoles \u00e0 l'urgence sanitaire | Abeille Avocats","robots":{"index":"index","follow":"follow","max-snippet":"max-snippet:-1","max-image-preview":"max-image-preview:large","max-video-preview":"max-video-preview:-1"},"canonical":"https:\/\/abeille.law\/difficultes-entreprises-exploitations-agricoles\/","og_locale":"en_US","og_type":"article","og_title":"COVID-19 : Difficult\u00e9s des entreprises et des exploitations agricoles \u00e0 l'urgence sanitaire | Abeille Avocats","og_description":"Mesures prises dans le cadre de la luttre contre les cons\u00e9quences de la crise li\u00e9es au Coronavirus Ordonnance n\u00b0 2020-341 du 27 mars 2020 portant adaptation des r\u00e8gles relatives aux difficult\u00e9s des entreprises et des exploitations agricoles \u00e0 l&#8217;urgence sanitaire Suite \u00e0 La\u00a0loi n\u00b02020-290 du 23 mars 2020\u00a0instaurant l\u2019\u00e9tat d\u2019urgence sanitaire pour faire face \u00e0 [&hellip;]","og_url":"https:\/\/abeille.law\/difficultes-entreprises-exploitations-agricoles\/","og_site_name":"Abeille Avocats","article_published_time":"2020-04-09T00:00:00+00:00","author":"abeille","twitter_card":"summary_large_image","twitter_misc":{"Written by":"abeille","Est. reading time":"4 minutes"},"schema":{"@context":"https:\/\/schema.org","@graph":[{"@type":"Article","@id":"https:\/\/abeille.law\/difficultes-entreprises-exploitations-agricoles\/#article","isPartOf":{"@id":"https:\/\/abeille.law\/difficultes-entreprises-exploitations-agricoles\/"},"author":{"name":"abeille","@id":"https:\/\/abeille.law\/#\/schema\/person\/e4542ce115cbaffa18678384edb2ff3a"},"headline":"COVID-19 : Difficult\u00e9s des entreprises et des exploitations agricoles \u00e0 l&#8217;urgence sanitaire","datePublished":"2020-04-09T00:00:00+00:00","mainEntityOfPage":{"@id":"https:\/\/abeille.law\/difficultes-entreprises-exploitations-agricoles\/"},"wordCount":759,"commentCount":0,"articleSection":["Juridiques"],"inLanguage":"en-US","potentialAction":[{"@type":"CommentAction","name":"Comment","target":["https:\/\/abeille.law\/difficultes-entreprises-exploitations-agricoles\/#respond"]}]},{"@type":"WebPage","@id":"https:\/\/abeille.law\/difficultes-entreprises-exploitations-agricoles\/","url":"https:\/\/abeille.law\/difficultes-entreprises-exploitations-agricoles\/","name":"COVID-19 : Difficult\u00e9s des entreprises et des exploitations agricoles \u00e0 l'urgence sanitaire | Abeille Avocats","isPartOf":{"@id":"https:\/\/abeille.law\/#website"},"datePublished":"2020-04-09T00:00:00+00:00","author":{"@id":"https:\/\/abeille.law\/#\/schema\/person\/e4542ce115cbaffa18678384edb2ff3a"},"breadcrumb":{"@id":"https:\/\/abeille.law\/difficultes-entreprises-exploitations-agricoles\/#breadcrumb"},"inLanguage":"en-US","potentialAction":[{"@type":"ReadAction","target":["https:\/\/abeille.law\/difficultes-entreprises-exploitations-agricoles\/"]}]},{"@type":"BreadcrumbList","@id":"https:\/\/abeille.law\/difficultes-entreprises-exploitations-agricoles\/#breadcrumb","itemListElement":[{"@type":"ListItem","position":1,"name":"Accueil","item":"https:\/\/abeille.law\/en\/"},{"@type":"ListItem","position":2,"name":"COVID-19 : Difficult\u00e9s des entreprises et des exploitations agricoles \u00e0 l&rsquo;urgence sanitaire"}]},{"@type":"WebSite","@id":"https:\/\/abeille.law\/#website","url":"https:\/\/abeille.law\/","name":"Abeille Avocats","description":"","alternateName":"Abeille Avocats","potentialAction":[{"@type":"SearchAction","target":{"@type":"EntryPoint","urlTemplate":"https:\/\/abeille.law\/?s={search_term_string}"},"query-input":{"@type":"PropertyValueSpecification","valueRequired":true,"valueName":"search_term_string"}}],"inLanguage":"en-US"},{"@type":"Person","@id":"https:\/\/abeille.law\/#\/schema\/person\/e4542ce115cbaffa18678384edb2ff3a","name":"abeille","image":{"@type":"ImageObject","inLanguage":"en-US","@id":"https:\/\/abeille.law\/#\/schema\/person\/image\/","url":"https:\/\/abeille.law\/wp-content\/litespeed\/avatar\/2fb2fba12ee04aaa181ee5a23ebd4173.jpg?ver=1777551493","contentUrl":"https:\/\/abeille.law\/wp-content\/litespeed\/avatar\/2fb2fba12ee04aaa181ee5a23ebd4173.jpg?ver=1777551493","caption":"abeille"},"sameAs":["http:\/\/abeille.test"]}]}},"_links":{"self":[{"href":"https:\/\/abeille.law\/en\/wp-json\/wp\/v2\/posts\/9994","targetHints":{"allow":["GET"]}}],"collection":[{"href":"https:\/\/abeille.law\/en\/wp-json\/wp\/v2\/posts"}],"about":[{"href":"https:\/\/abeille.law\/en\/wp-json\/wp\/v2\/types\/post"}],"author":[{"embeddable":true,"href":"https:\/\/abeille.law\/en\/wp-json\/wp\/v2\/users\/1"}],"replies":[{"embeddable":true,"href":"https:\/\/abeille.law\/en\/wp-json\/wp\/v2\/comments?post=9994"}],"version-history":[{"count":0,"href":"https:\/\/abeille.law\/en\/wp-json\/wp\/v2\/posts\/9994\/revisions"}],"wp:attachment":[{"href":"https:\/\/abeille.law\/en\/wp-json\/wp\/v2\/media?parent=9994"}],"wp:term":[{"taxonomy":"category","embeddable":true,"href":"https:\/\/abeille.law\/en\/wp-json\/wp\/v2\/categories?post=9994"},{"taxonomy":"post_tag","embeddable":true,"href":"https:\/\/abeille.law\/en\/wp-json\/wp\/v2\/tags?post=9994"}],"curies":[{"name":"wp","href":"https:\/\/api.w.org\/{rel}","templated":true}]}}