{"id":9919,"date":"2020-01-16T00:00:00","date_gmt":"2020-01-16T00:00:00","guid":{"rendered":"https:\/\/abeille-preprod.eliott-markus.cloud\/loi-finance-cotisation-sociale-2020\/"},"modified":"2020-01-16T00:00:00","modified_gmt":"2020-01-16T00:00:00","slug":"loi-finance-cotisation-sociale-2020","status":"publish","type":"post","link":"https:\/\/abeille.law\/en\/loi-finance-cotisation-sociale-2020\/","title":{"rendered":"Les mesures cotisations de la loi finance cotisation sociale pour 2020"},"content":{"rendered":"<h2>Pour b\u00e9n\u00e9ficier du r\u00e9gime social et fiscal de faveur, la prime de pouvoir d\u2019achat est conditionn\u00e9e \u00e0 l\u2019existence d\u2019un accord d\u2019int\u00e9ressement (art. 7).<\/h2>\n<p>Ont la possibilit\u00e9 (et non l\u2019obligation) de verser une prime exceptionnelle de pouvoir d\u2019achat et de b\u00e9n\u00e9ficier d\u2019un r\u00e9gime fiscal et social de faveur, les employeurs\u00a0mettant en \u0153uvre un accord d&#8217;int\u00e9ressement, \u00e0 la date de versement de cette prime.<br \/> La prime reste vers\u00e9e \u00e0 l\u2019ensemble des salari\u00e9s (int\u00e9rimaires compris) ou \u00e0 une partie d\u2019entre eux seulement\u00a0: ceux dont la r\u00e9mun\u00e9ration est inf\u00e9rieure \u00e0 un plafond.<\/p>\n<p> Seuls les salari\u00e9s ayant per\u00e7u une r\u00e9mun\u00e9ration sur les 12 mois pr\u00e9c\u00e9dant le versement de la prime et pr\u00e9sents \u00e0 la date de versement de la prime sont concern\u00e9s par le versement de ladite prime.<br \/> En outre, les int\u00e9ress\u00e9s doivent avoir per\u00e7u au cours des 12 derniers mois pr\u00e9c\u00e9dents le versement de la prime, une r\u00e9mun\u00e9ration inf\u00e9rieure \u00e0 trois fois la valeur annuelle du Smic sur la base de la dur\u00e9e l\u00e9gale du travail (base de 1 820 heures). Si les salari\u00e9s travaillent \u00e0 temps partiel, ce montant est proratis\u00e9.<br \/> La prime exceptionnelle est exon\u00e9r\u00e9e de toutes charges patronales et salariales dans la limite de 1 000 \u20ac par b\u00e9n\u00e9ficiaire si\u00a0:<\/p>\n<ul>\n<li>l\u2019entreprise met en \u0153uvre un accord d\u2019int\u00e9ressement avant le 30 juin 2020 (cette condition n\u2019est pas requise des associations et fondations). Pour inciter les entreprises \u00e0 verser la prime, ces accords d\u2019int\u00e9ressement conclus entre le 1er janvier et le 30 juin 2020 peuvent \u00eatre, \u00e0 titre d\u00e9rogatoire, d\u2019une dur\u00e9e minimale d\u2019un an au lieu de trois ;<\/li>\n<li>son montant est unique ou modul\u00e9 en fonction de quatre crit\u00e8res que sont la r\u00e9mun\u00e9ration, le niveau de classification, la dur\u00e9e de pr\u00e9sence effective pendant l&#8217;ann\u00e9e \u00e9coul\u00e9e ou encore la dur\u00e9e de travail pr\u00e9vue au contrat\u00a0;<\/li>\n<li>son versement est r\u00e9alis\u00e9 entre le 28 d\u00e9cembre 2019 et le 30 juin 2020\u00a0;<\/li>\n<li>la prime ne se substitue pas \u00e0 des \u00e9l\u00e9ments ou augmentations de r\u00e9mun\u00e9ration ni \u00e0 des primes pr\u00e9vues par accord salarial, le contrat de travail ou les usages en vigueur dans l\u2019entreprise.\n<p> La prime est exon\u00e9r\u00e9e, dans la limite de 1 000 \u20ac par salari\u00e9 b\u00e9n\u00e9ficiaire, de toutes cotisations, contributions et d\u2019imp\u00f4t sur le revenu. Le d\u00e9passement de cette limite entra\u00eene l\u2019assujettissement du surplus \u00e0 cotisations, contributions et imp\u00f4t sur le revenu.<\/p>\n<p> L\u2019instauration et les modalit\u00e9s de mise en place de la prime (le montant, le plafond, le champ des b\u00e9n\u00e9ficiaires, la modulation de son niveau entre les b\u00e9n\u00e9ficiaires) doivent faire l\u2019objet d\u2019un accord d\u2019entreprise ou d\u2019un accord de groupe conclu selon les m\u00eames modalit\u00e9s que l\u2019accord d\u2019int\u00e9ressement. Par d\u00e9rogation toutefois, dans l\u2019objectif d\u2019attribuer rapidement la prime, les modalit\u00e9s de mise en place de la prime peuvent \u00e9galement \u00eatre fix\u00e9es par d\u00e9cision unilat\u00e9rale de l\u2019employeur. Dans ce cas, le CSE, s\u2019il existe, doit \u00eatre inform\u00e9 par l\u2019employeur avant le versement de la prime.<\/li>\n<\/ul>\n<h2>Pour ne pas \u00eatre p\u00e9nalis\u00e9e, l\u2019entreprise doit recevoir son taux de cotisations AT\/MP de mani\u00e8re d\u00e9mat\u00e9rialis\u00e9e (art. 83).<\/h2>\n<p>Les taux de cotisations AT\/MP sont notifi\u00e9s aux entreprises par voie \u00e9lectronique depuis le 1er janvier 2020 pour celles d\u2019entre elles qui comptent plus de 150 salari\u00e9s (sauf refus exprim\u00e9 entre le 21 octobre et le 31 d\u00e9cembre 2019). La g\u00e9n\u00e9ralisation de la d\u00e9mat\u00e9rialisation sera effective pour toutes les entreprises au 1er janvier 2021. Cette d\u00e9mat\u00e9rialisation n\u00e9cessite pour l\u2019employeur de r\u00e9aliser les d\u00e9marches n\u00e9cessaires \u00e0 la mise \u00e0 disposition de taux par voie \u00e9lectronique (soit la cr\u00e9ation d\u2019un compte AT\/MP). A d\u00e9faut, une p\u00e9nalit\u00e9 sera due dont le montant, qui peut \u00eatre proportionnel \u00e0 l&#8217;effectif de l&#8217;entreprise, sera fix\u00e9 par arr\u00eat\u00e9, dans la limite de 1,5 % du plafond mensuel de la s\u00e9curit\u00e9 sociale. Cette p\u00e9nalit\u00e9 sera toutefois plafonn\u00e9e, par entreprise, \u00e0 10 000 \u20ac par an (montant revaloris\u00e9 p\u00e9riodiquement par arr\u00eat\u00e9). Les contestations relatives \u00e0 cette p\u00e9nalit\u00e9 rel\u00e8vent de la cour d\u2019appel d\u2019Amiens (CSS, art. L. 242-5).<\/p>\n<h2>Pour l\u2019avenir, le recouvrement de toutes les cotisations par les Urssaf sera unifi\u00e9 (art. 18).<\/h2>\n<p>\u00c0 compter du 1er\u00a0janvier 2020 et progressivement jusqu\u2019en 2023, les missions des Urssaf ne sont plus limit\u00e9es au seul recouvrement des cotisations du r\u00e9gime g\u00e9n\u00e9ral. Ainsi, l\u2019objectif de ce transfert de comp\u00e9tences est que \u00ab\u00a0les Urssaf assurent le recouvrement de l\u2019ensemble des cotisations et contributions finan\u00e7ant les r\u00e9gimes de base ou compl\u00e9mentaires de s\u00e9curit\u00e9 sociale rendus obligatoires par la loi \u00e0 la charge des salari\u00e9s ou assimil\u00e9s, autres que les salari\u00e9s du secteur agricole\u00a0\u00bb (CSS, art. L. 213-1). La quasi-totalit\u00e9 des employeurs du secteur priv\u00e9 sont concern\u00e9s.<\/p>\n<p> Ainsi, le recouvrement des cotisations est transf\u00e9r\u00e9 aux Urssaf d\u00e8s le 1er\u00a0janvier 2020 pour les cotisations d\u2019assurance maladie dues au titre des salari\u00e9s des industries \u00e9lectriques et gazi\u00e8res (CAMIEG) et pour celles du r\u00e9gime des marins d\u00e9clar\u00e9s dans la DSN. Il aura lieu\u00a0:<\/p>\n<ul>\n<li>au 1er\u00a0janvier 2021 pour les cotisations dues au r\u00e9gime des marins non d\u00e9clar\u00e9s en DSN (ENIM)\u00a0;<\/li>\n<li>au 1er\u00a0janvier 2022 pour les cotisations de retraite compl\u00e9mentaire obligatoire des salari\u00e9s du secteur priv\u00e9 (Agirc-Arrco), pour les cotisations de retraite des salari\u00e9s des industries \u00e9lectriques et gazi\u00e8res (CNIEG)\u00a0;<\/li>\n<\/ul>\n<p>Toutefois, certaines cotisations sont explicitement exclues de ce transfert de comp\u00e9tences \u00e0 l\u2019Urssaf (CSS, art. L. 213-1-1)\u00a0:<\/p>\n<ul>\n<li>les cotisations d\u2019assurance vieillesse dues au titre des r\u00e9gimes dont l\u2019ensemble des assur\u00e9s rel\u00e8ve d\u2019un seul employeur (service de l\u2019Etat, r\u00e9gime d\u2019assurance-maladie des militaires, de la SNCF, de la RATP, de la Banque de France, de la Com\u00e9die fran\u00e7aise, etc.)\u00a0;<\/li>\n<li>la cotisation obligatoire pour tous les notaires en exercice\u00a0;<\/li>\n<li>les cotisations d\u2019assurance vieillesse dues au titre des r\u00e9gimes, autres que ceux dont les assur\u00e9s rel\u00e8vent d\u2019un seul employeur, comptant moins de 500 employeurs redevables et acquittant globalement moins de 500 millions d\u2019euros de cotisations par an\u00a0;<\/li>\n<li>les cotisations et contributions dues pour l\u2019assurance vieillesse d\u2019une partie des marins.\n<p> De plus, les Urssaf assureront toute activit\u00e9 de recouvrement de cotisation ou contribution qui leur est confi\u00e9e par la loi. En outre, le p\u00e9rim\u00e8tre du contr\u00f4le sera align\u00e9 sur celui du recouvrement, sauf disposition l\u00e9gislative contraire. Ainsi, d\u00e8s lors que les Urssaf seront comp\u00e9tentes pour le recouvrement d\u2019apr\u00e8s la loi, elles d\u00e9tiendront syst\u00e9matiquement une comp\u00e9tence pour le contr\u00f4le des cotisations et des contributions (CSS, art. L. 213-1).<\/li>\n<\/ul>\n<h2>Pour assurer le bon recouvrement des cotisations, la d\u00e9mat\u00e9rialisation du paiement est g\u00e9n\u00e9ralis\u00e9 (art. 21).<\/h2>\n<p>\u00c0 compter du 1er\u00a0janvier 2020, le moyen de d\u00e9claration et de paiement d\u00e9mat\u00e9rialis\u00e9 devient obligatoire pour tous les employeurs, quel que soit le montant des cotisations et des contributions sociales dues. Cette obligation g\u00e9n\u00e9ralis\u00e9e concerne aussi bien la d\u00e9claration pour le recouvrement des cotisations que leur paiement par\u00a0<strong>voie d\u00e9mat\u00e9rialis\u00e9e<\/strong>. En effet, depuis le 1er\u00a0janvier 2020, la possibilit\u00e9 laiss\u00e9e aux employeurs redevables d\u2019un montant de cotisations et contributions sociales inf\u00e9rieur ou \u00e9gal \u00e0 20\u00a0000 \u20ac au titre de l\u2019ann\u00e9e pr\u00e9c\u00e9dente, de s\u2019acquitter de leur obligation en esp\u00e8ces ou par ch\u00e8ques est supprim\u00e9e (CSS, art. L. 133-5-5).<\/p>\n<h2>Pour s\u2019adapter au profil des entreprises, le champ de la modulation des sanctions en cas de travail dissimul\u00e9 est \u00e9largi (art. 21).<\/h2>\n<p>Au 1er\u00a0janvier 2020, l\u2019annulation partielle des r\u00e9ductions ou exon\u00e9rations de cotisations de s\u00e9curit\u00e9 sociale ou de contributions s\u2019applique lorsque la dissimulation d\u2019emplois salari\u00e9s repr\u00e9sente une\u00a0<strong>proportion limit\u00e9e des salari\u00e9s r\u00e9guli\u00e8rement d\u00e9clar\u00e9s<\/strong>\u00a0(\u00e0 d\u00e9finir par d\u00e9cret).\u00a0De plus, cette modulation de la sanction est d\u00e9sormais applicable au donneur d\u2019ordres qui subit un redressement pour manquement \u00e0 son obligation de vigilance, lorsque cette modulation est accord\u00e9e \u00e0 son sous-traitant (cocontractant). En revanche, cette annulation partielle n&#8217;est pas admise si l&#8217;infraction de travail dissimul\u00e9 concerne des mineurs soumis \u00e0 l&#8217;obligation scolaire, des personnes dont l&#8217;\u00e9tat de vuln\u00e9rabilit\u00e9 ou l&#8217;\u00e9tat de faiblesse sont apparents ou connus de l&#8217;auteur (CSS, art.\u00a0L.\u00a0133-4-2). Le fait de commettre l\u2019infraction de travail dissimul\u00e9 en bande organis\u00e9e ou de dissimuler le travail de plusieurs personnes ne constitue plus une circonstance aggravante et peut d\u00e9sormais faire l&#8217;objet d&#8217;une modulation de la sanction.<\/p>\n<h2>Pour assurer la fiabilit\u00e9 des donn\u00e9es, les employeurs sont accompagn\u00e9s dans leurs d\u00e9clarations (art. 18).<\/h2>\n<p>\u00c0 compter du 1er\u00a0janvier 2020, de nouvelles dispositions visent \u00e0 am\u00e9liorer les d\u00e9marches d\u00e9claratives des employeurs. Ainsi, les organismes et administrations auxquels sont destin\u00e9es les donn\u00e9es d\u00e9clar\u00e9es par le biais de la DSN mettront \u00e0 disposition des employeurs, via un dispositif unifi\u00e9, les informations fix\u00e9es par d\u00e9cret, leur permettant de renseigner leurs d\u00e9clarations sociales et de s\u2019assurer de la conformit\u00e9 de leur situation \u00e0 la l\u00e9gislation sociale (CSS, art. L. 133-5-3). Par ailleurs, depuis le 1er\u00a0janvier 2020, la proc\u00e9dure de v\u00e9rification des donn\u00e9es est compl\u00e9t\u00e9e de sorte que les d\u00e9clarants soient d\u00e9sormais\u00a0:<\/p>\n<ul>\n<li>inform\u00e9s des r\u00e9sultats des v\u00e9rifications d\u2019exhaustivit\u00e9, de conformit\u00e9 et de coh\u00e9rence r\u00e9alis\u00e9es par les organismes auxquels sont destin\u00e9es les donn\u00e9es d\u00e9clar\u00e9es\u00a0;<\/li>\n<li>tenus d\u2019effectuer les corrections requises, en cas de constat d\u2019anomalie r\u00e9sultant de ces v\u00e9rifications. En l\u2019absence de correction par le d\u00e9clarant, celle-ci pourra \u00eatre r\u00e9alis\u00e9e par les organismes auxquels la d\u00e9claration a \u00e9t\u00e9 adress\u00e9e (CSS, art. L. 133-5-3-1). Enfin, en cas de d\u00e9faut de correction des anomalies par les d\u00e9clarants, les p\u00e9nalit\u00e9s pr\u00e9vues en cas de d\u00e9faut de production ou de contenu erron\u00e9 de la DSN seront applicables.<\/li>\n<\/ul>\n<p><em>Sur le transfert de comp\u00e9tences aux Urssaf \u00e0 compter de 2023, voir Lamy social Online n\u00b0 6217<\/em><br \/><em> Sur les p\u00e9nalit\u00e9s applicables en cas de d\u00e9faut de correction des anomalies par les d\u00e9clarants, voir Lamy social Online n\u00b0 6239<\/em><br \/><em> Sur la d\u00e9mat\u00e9rialisation du paiement des cotisations, voir Lamy social Online n\u00b0 6205<\/em><br \/><em> Sur les sanctions en cas de travail dissimul\u00e9, voir Lamy social Online n\u00b0 6314<\/em><\/p>\n<p><em>Source\u00a0: actualitesdudroit<\/em><\/p>\n","protected":false},"excerpt":{"rendered":"<p>Reconduction de la prime exceptionnelle de pouvoir d&rsquo;achat, d&eacute;mat&eacute;rialisation du paiement des cotisations et du taux de cotisation AT\/MP, unification du recouvrement des cotisations, la loi de financement de la s&eacute;curit&eacute; sociale pour 2020 tend &agrave; soutenir les actifs et &agrave; moderniser les relations entre cotisants et administrations.<\/p>\n<p>L. n&deg;2019-1146, 24 d&eacute;c. 2019, JO 24 d&eacute;c.<\/p>\n","protected":false},"author":1,"featured_media":0,"comment_status":"open","ping_status":"open","sticky":false,"template":"","format":"standard","meta":{"_acf_changed":false,"footnotes":""},"categories":[189],"tags":[],"class_list":["post-9919","post","type-post","status-publish","format-standard","hentry","category-cabinet"],"acf":[],"yoast_head":"<!-- This site is optimized with the Yoast SEO plugin v27.1.1 - https:\/\/yoast.com\/product\/yoast-seo-wordpress\/ -->\n<title>Les mesures cotisations de la loi finance cotisation sociale pour 2020 | Abeille Avocats<\/title>\n<meta name=\"robots\" content=\"index, follow, max-snippet:-1, max-image-preview:large, max-video-preview:-1\" \/>\n<link rel=\"canonical\" href=\"https:\/\/abeille.law\/loi-finance-cotisation-sociale-2020\/\" \/>\n<meta property=\"og:locale\" content=\"en_US\" \/>\n<meta property=\"og:type\" content=\"article\" \/>\n<meta property=\"og:title\" content=\"Les mesures cotisations de la loi finance cotisation sociale pour 2020 | Abeille Avocats\" \/>\n<meta property=\"og:description\" content=\"Reconduction de la prime exceptionnelle de pouvoir d&rsquo;achat, d&eacute;mat&eacute;rialisation du paiement des cotisations et du taux de cotisation AT\/MP, unification du recouvrement des cotisations, la loi de financement de la s&eacute;curit&eacute; sociale pour 2020 tend &agrave; soutenir les actifs et &agrave; moderniser les relations entre cotisants et administrations. L. n&deg;2019-1146, 24 d&eacute;c. 2019, JO 24 d&eacute;c.\" \/>\n<meta property=\"og:url\" content=\"https:\/\/abeille.law\/loi-finance-cotisation-sociale-2020\/\" \/>\n<meta property=\"og:site_name\" content=\"Abeille Avocats\" \/>\n<meta property=\"article:published_time\" content=\"2020-01-16T00:00:00+00:00\" \/>\n<meta name=\"author\" content=\"abeille\" \/>\n<meta name=\"twitter:card\" content=\"summary_large_image\" \/>\n<meta name=\"twitter:label1\" content=\"Written by\" \/>\n\t<meta name=\"twitter:data1\" content=\"abeille\" \/>\n\t<meta name=\"twitter:label2\" content=\"Est. reading time\" \/>\n\t<meta name=\"twitter:data2\" content=\"9 minutes\" \/>\n<script type=\"application\/ld+json\" class=\"yoast-schema-graph\">{\"@context\":\"https:\/\/schema.org\",\"@graph\":[{\"@type\":\"Article\",\"@id\":\"https:\/\/abeille.law\/loi-finance-cotisation-sociale-2020\/#article\",\"isPartOf\":{\"@id\":\"https:\/\/abeille.law\/loi-finance-cotisation-sociale-2020\/\"},\"author\":{\"name\":\"abeille\",\"@id\":\"https:\/\/abeille.law\/#\/schema\/person\/e4542ce115cbaffa18678384edb2ff3a\"},\"headline\":\"Les mesures cotisations de la loi finance cotisation sociale pour 2020\",\"datePublished\":\"2020-01-16T00:00:00+00:00\",\"mainEntityOfPage\":{\"@id\":\"https:\/\/abeille.law\/loi-finance-cotisation-sociale-2020\/\"},\"wordCount\":1815,\"commentCount\":0,\"articleSection\":[\"Cabinet\"],\"inLanguage\":\"en-US\",\"potentialAction\":[{\"@type\":\"CommentAction\",\"name\":\"Comment\",\"target\":[\"https:\/\/abeille.law\/loi-finance-cotisation-sociale-2020\/#respond\"]}]},{\"@type\":\"WebPage\",\"@id\":\"https:\/\/abeille.law\/loi-finance-cotisation-sociale-2020\/\",\"url\":\"https:\/\/abeille.law\/loi-finance-cotisation-sociale-2020\/\",\"name\":\"Les mesures cotisations de la loi finance cotisation sociale pour 2020 | Abeille Avocats\",\"isPartOf\":{\"@id\":\"https:\/\/abeille.law\/#website\"},\"datePublished\":\"2020-01-16T00:00:00+00:00\",\"author\":{\"@id\":\"https:\/\/abeille.law\/#\/schema\/person\/e4542ce115cbaffa18678384edb2ff3a\"},\"breadcrumb\":{\"@id\":\"https:\/\/abeille.law\/loi-finance-cotisation-sociale-2020\/#breadcrumb\"},\"inLanguage\":\"en-US\",\"potentialAction\":[{\"@type\":\"ReadAction\",\"target\":[\"https:\/\/abeille.law\/loi-finance-cotisation-sociale-2020\/\"]}]},{\"@type\":\"BreadcrumbList\",\"@id\":\"https:\/\/abeille.law\/loi-finance-cotisation-sociale-2020\/#breadcrumb\",\"itemListElement\":[{\"@type\":\"ListItem\",\"position\":1,\"name\":\"Accueil\",\"item\":\"https:\/\/abeille.law\/en\/\"},{\"@type\":\"ListItem\",\"position\":2,\"name\":\"Les mesures cotisations de la loi finance cotisation sociale pour 2020\"}]},{\"@type\":\"WebSite\",\"@id\":\"https:\/\/abeille.law\/#website\",\"url\":\"https:\/\/abeille.law\/\",\"name\":\"Abeille Avocats\",\"description\":\"\",\"alternateName\":\"Abeille Avocats\",\"potentialAction\":[{\"@type\":\"SearchAction\",\"target\":{\"@type\":\"EntryPoint\",\"urlTemplate\":\"https:\/\/abeille.law\/?s={search_term_string}\"},\"query-input\":{\"@type\":\"PropertyValueSpecification\",\"valueRequired\":true,\"valueName\":\"search_term_string\"}}],\"inLanguage\":\"en-US\"},{\"@type\":\"Person\",\"@id\":\"https:\/\/abeille.law\/#\/schema\/person\/e4542ce115cbaffa18678384edb2ff3a\",\"name\":\"abeille\",\"image\":{\"@type\":\"ImageObject\",\"inLanguage\":\"en-US\",\"@id\":\"https:\/\/abeille.law\/#\/schema\/person\/image\/\",\"url\":\"https:\/\/abeille.law\/wp-content\/litespeed\/avatar\/2fb2fba12ee04aaa181ee5a23ebd4173.jpg?ver=1777551493\",\"contentUrl\":\"https:\/\/abeille.law\/wp-content\/litespeed\/avatar\/2fb2fba12ee04aaa181ee5a23ebd4173.jpg?ver=1777551493\",\"caption\":\"abeille\"},\"sameAs\":[\"http:\/\/abeille.test\"]}]}<\/script>\n<!-- \/ Yoast SEO plugin. -->","yoast_head_json":{"title":"Les mesures cotisations de la loi finance cotisation sociale pour 2020 | Abeille Avocats","robots":{"index":"index","follow":"follow","max-snippet":"max-snippet:-1","max-image-preview":"max-image-preview:large","max-video-preview":"max-video-preview:-1"},"canonical":"https:\/\/abeille.law\/loi-finance-cotisation-sociale-2020\/","og_locale":"en_US","og_type":"article","og_title":"Les mesures cotisations de la loi finance cotisation sociale pour 2020 | Abeille Avocats","og_description":"Reconduction de la prime exceptionnelle de pouvoir d&rsquo;achat, d&eacute;mat&eacute;rialisation du paiement des cotisations et du taux de cotisation AT\/MP, unification du recouvrement des cotisations, la loi de financement de la s&eacute;curit&eacute; sociale pour 2020 tend &agrave; soutenir les actifs et &agrave; moderniser les relations entre cotisants et administrations. L. n&deg;2019-1146, 24 d&eacute;c. 2019, JO 24 d&eacute;c.","og_url":"https:\/\/abeille.law\/loi-finance-cotisation-sociale-2020\/","og_site_name":"Abeille Avocats","article_published_time":"2020-01-16T00:00:00+00:00","author":"abeille","twitter_card":"summary_large_image","twitter_misc":{"Written by":"abeille","Est. reading time":"9 minutes"},"schema":{"@context":"https:\/\/schema.org","@graph":[{"@type":"Article","@id":"https:\/\/abeille.law\/loi-finance-cotisation-sociale-2020\/#article","isPartOf":{"@id":"https:\/\/abeille.law\/loi-finance-cotisation-sociale-2020\/"},"author":{"name":"abeille","@id":"https:\/\/abeille.law\/#\/schema\/person\/e4542ce115cbaffa18678384edb2ff3a"},"headline":"Les mesures cotisations de la loi finance cotisation sociale pour 2020","datePublished":"2020-01-16T00:00:00+00:00","mainEntityOfPage":{"@id":"https:\/\/abeille.law\/loi-finance-cotisation-sociale-2020\/"},"wordCount":1815,"commentCount":0,"articleSection":["Cabinet"],"inLanguage":"en-US","potentialAction":[{"@type":"CommentAction","name":"Comment","target":["https:\/\/abeille.law\/loi-finance-cotisation-sociale-2020\/#respond"]}]},{"@type":"WebPage","@id":"https:\/\/abeille.law\/loi-finance-cotisation-sociale-2020\/","url":"https:\/\/abeille.law\/loi-finance-cotisation-sociale-2020\/","name":"Les mesures cotisations de la loi finance cotisation sociale pour 2020 | Abeille Avocats","isPartOf":{"@id":"https:\/\/abeille.law\/#website"},"datePublished":"2020-01-16T00:00:00+00:00","author":{"@id":"https:\/\/abeille.law\/#\/schema\/person\/e4542ce115cbaffa18678384edb2ff3a"},"breadcrumb":{"@id":"https:\/\/abeille.law\/loi-finance-cotisation-sociale-2020\/#breadcrumb"},"inLanguage":"en-US","potentialAction":[{"@type":"ReadAction","target":["https:\/\/abeille.law\/loi-finance-cotisation-sociale-2020\/"]}]},{"@type":"BreadcrumbList","@id":"https:\/\/abeille.law\/loi-finance-cotisation-sociale-2020\/#breadcrumb","itemListElement":[{"@type":"ListItem","position":1,"name":"Accueil","item":"https:\/\/abeille.law\/en\/"},{"@type":"ListItem","position":2,"name":"Les mesures cotisations de la loi finance cotisation sociale pour 2020"}]},{"@type":"WebSite","@id":"https:\/\/abeille.law\/#website","url":"https:\/\/abeille.law\/","name":"Abeille Avocats","description":"","alternateName":"Abeille Avocats","potentialAction":[{"@type":"SearchAction","target":{"@type":"EntryPoint","urlTemplate":"https:\/\/abeille.law\/?s={search_term_string}"},"query-input":{"@type":"PropertyValueSpecification","valueRequired":true,"valueName":"search_term_string"}}],"inLanguage":"en-US"},{"@type":"Person","@id":"https:\/\/abeille.law\/#\/schema\/person\/e4542ce115cbaffa18678384edb2ff3a","name":"abeille","image":{"@type":"ImageObject","inLanguage":"en-US","@id":"https:\/\/abeille.law\/#\/schema\/person\/image\/","url":"https:\/\/abeille.law\/wp-content\/litespeed\/avatar\/2fb2fba12ee04aaa181ee5a23ebd4173.jpg?ver=1777551493","contentUrl":"https:\/\/abeille.law\/wp-content\/litespeed\/avatar\/2fb2fba12ee04aaa181ee5a23ebd4173.jpg?ver=1777551493","caption":"abeille"},"sameAs":["http:\/\/abeille.test"]}]}},"_links":{"self":[{"href":"https:\/\/abeille.law\/en\/wp-json\/wp\/v2\/posts\/9919","targetHints":{"allow":["GET"]}}],"collection":[{"href":"https:\/\/abeille.law\/en\/wp-json\/wp\/v2\/posts"}],"about":[{"href":"https:\/\/abeille.law\/en\/wp-json\/wp\/v2\/types\/post"}],"author":[{"embeddable":true,"href":"https:\/\/abeille.law\/en\/wp-json\/wp\/v2\/users\/1"}],"replies":[{"embeddable":true,"href":"https:\/\/abeille.law\/en\/wp-json\/wp\/v2\/comments?post=9919"}],"version-history":[{"count":0,"href":"https:\/\/abeille.law\/en\/wp-json\/wp\/v2\/posts\/9919\/revisions"}],"wp:attachment":[{"href":"https:\/\/abeille.law\/en\/wp-json\/wp\/v2\/media?parent=9919"}],"wp:term":[{"taxonomy":"category","embeddable":true,"href":"https:\/\/abeille.law\/en\/wp-json\/wp\/v2\/categories?post=9919"},{"taxonomy":"post_tag","embeddable":true,"href":"https:\/\/abeille.law\/en\/wp-json\/wp\/v2\/tags?post=9919"}],"curies":[{"name":"wp","href":"https:\/\/api.w.org\/{rel}","templated":true}]}}