{"id":9875,"date":"2019-10-22T00:00:00","date_gmt":"2019-10-22T00:00:00","guid":{"rendered":"https:\/\/abeille-preprod.eliott-markus.cloud\/nouveau-guide-salaries-proteges\/"},"modified":"2019-10-22T00:00:00","modified_gmt":"2019-10-22T00:00:00","slug":"nouveau-guide-salaries-proteges","status":"publish","type":"post","link":"https:\/\/abeille.law\/en\/nouveau-guide-salaries-proteges\/","title":{"rendered":"Nouveau guide pour les salari\u00e9s prot\u00e9g\u00e9s publi\u00e9 par la DGT"},"content":{"rendered":"<p>La Direction G\u00e9n\u00e9rale du Travail publie un guide relatif aux d\u00e9cisions administratives en mati\u00e8re de rupture ou de transfert du contrat de travail des <strong>salari\u00e9s prot\u00e9g\u00e9s.<\/strong><\/p>\n<p>L\u2019ensemble des modalit\u00e9s d\u2019intervention de l\u2019autorit\u00e9 administrative sont d\u00e9taill\u00e9s dans un guide pr\u00e9sent\u00e9 sous forme de fiches, qu\u2019il s\u2019agisse du transfert du contrat de travail d\u2019un salari\u00e9 prot\u00e9g\u00e9 ou de la rupture de son contrat. Qu\u2019il s\u2019agisse de recevabilit\u00e9 de la demande, de comp\u00e9tence mat\u00e9rielle ou encore de motif disciplinaire, n\u2019h\u00e9sitez pas \u00e0 consulter ce guide.<\/p>\n<p>D\u00e9couvrez le <a title=\"DGT | Nouveau guide des salari\u00e9s prot\u00e9g\u00e9s\" href=\"upload\/Actus\/Salaries-proteges-guide-DGT1_1.pdf\">guide relatifs au transfert et au rupture du contrat de travail des salari\u00e9s prot\u00e9g\u00e9s<\/a>.<\/p>\n","protected":false},"excerpt":{"rendered":"<p>La Direction G\u00e9n\u00e9rale du Travail publie un guide relatif aux d\u00e9cisions administratives en mati\u00e8re de rupture ou de transfert du contrat de travail des salari\u00e9s prot\u00e9g\u00e9s. L\u2019ensemble des modalit\u00e9s d\u2019intervention de l\u2019autorit\u00e9 administrative sont d\u00e9taill\u00e9s dans un guide pr\u00e9sent\u00e9 sous forme de fiches, qu\u2019il s\u2019agisse du transfert du contrat de travail d\u2019un salari\u00e9 prot\u00e9g\u00e9 ou [&hellip;]<\/p>\n","protected":false},"author":1,"featured_media":0,"comment_status":"open","ping_status":"open","sticky":false,"template":"","format":"standard","meta":{"_acf_changed":false,"footnotes":""},"categories":[190],"tags":[],"class_list":["post-9875","post","type-post","status-publish","format-standard","hentry","category-juridiques"],"acf":[],"yoast_head":"<!-- This site is optimized with the Yoast SEO plugin v27.1.1 - https:\/\/yoast.com\/product\/yoast-seo-wordpress\/ -->\n<title>Nouveau guide pour les salari\u00e9s prot\u00e9g\u00e9s publi\u00e9 par la DGT | Abeille Avocats<\/title>\n<meta name=\"robots\" content=\"index, follow, max-snippet:-1, max-image-preview:large, max-video-preview:-1\" \/>\n<link rel=\"canonical\" href=\"https:\/\/abeille.law\/nouveau-guide-salaries-proteges\/\" \/>\n<meta property=\"og:locale\" content=\"en_US\" \/>\n<meta property=\"og:type\" content=\"article\" \/>\n<meta property=\"og:title\" content=\"Nouveau guide pour les salari\u00e9s prot\u00e9g\u00e9s publi\u00e9 par la DGT | Abeille Avocats\" \/>\n<meta property=\"og:description\" content=\"La Direction G\u00e9n\u00e9rale du Travail publie un guide relatif aux d\u00e9cisions administratives en mati\u00e8re de rupture ou de transfert du contrat de travail des salari\u00e9s prot\u00e9g\u00e9s. L\u2019ensemble des modalit\u00e9s d\u2019intervention de l\u2019autorit\u00e9 administrative sont d\u00e9taill\u00e9s dans un guide pr\u00e9sent\u00e9 sous forme de fiches, qu\u2019il s\u2019agisse du transfert du contrat de travail d\u2019un salari\u00e9 prot\u00e9g\u00e9 ou [&hellip;]\" \/>\n<meta property=\"og:url\" content=\"https:\/\/abeille.law\/nouveau-guide-salaries-proteges\/\" \/>\n<meta property=\"og:site_name\" content=\"Abeille Avocats\" \/>\n<meta property=\"article:published_time\" content=\"2019-10-22T00:00:00+00:00\" \/>\n<meta name=\"author\" content=\"abeille\" \/>\n<meta name=\"twitter:card\" content=\"summary_large_image\" \/>\n<meta name=\"twitter:label1\" content=\"Written by\" \/>\n\t<meta name=\"twitter:data1\" content=\"abeille\" \/>\n\t<meta name=\"twitter:label2\" content=\"Est. reading time\" \/>\n\t<meta name=\"twitter:data2\" content=\"1 minute\" \/>\n<script type=\"application\/ld+json\" class=\"yoast-schema-graph\">{\"@context\":\"https:\/\/schema.org\",\"@graph\":[{\"@type\":\"Article\",\"@id\":\"https:\/\/abeille.law\/nouveau-guide-salaries-proteges\/#article\",\"isPartOf\":{\"@id\":\"https:\/\/abeille.law\/nouveau-guide-salaries-proteges\/\"},\"author\":{\"name\":\"abeille\",\"@id\":\"https:\/\/abeille.law\/#\/schema\/person\/e4542ce115cbaffa18678384edb2ff3a\"},\"headline\":\"Nouveau guide pour les salari\u00e9s prot\u00e9g\u00e9s publi\u00e9 par la DGT\",\"datePublished\":\"2019-10-22T00:00:00+00:00\",\"mainEntityOfPage\":{\"@id\":\"https:\/\/abeille.law\/nouveau-guide-salaries-proteges\/\"},\"wordCount\":138,\"commentCount\":0,\"articleSection\":[\"Juridiques\"],\"inLanguage\":\"en-US\",\"potentialAction\":[{\"@type\":\"CommentAction\",\"name\":\"Comment\",\"target\":[\"https:\/\/abeille.law\/nouveau-guide-salaries-proteges\/#respond\"]}]},{\"@type\":\"WebPage\",\"@id\":\"https:\/\/abeille.law\/nouveau-guide-salaries-proteges\/\",\"url\":\"https:\/\/abeille.law\/nouveau-guide-salaries-proteges\/\",\"name\":\"Nouveau guide pour les salari\u00e9s prot\u00e9g\u00e9s publi\u00e9 par la DGT | Abeille Avocats\",\"isPartOf\":{\"@id\":\"https:\/\/abeille.law\/#website\"},\"datePublished\":\"2019-10-22T00:00:00+00:00\",\"author\":{\"@id\":\"https:\/\/abeille.law\/#\/schema\/person\/e4542ce115cbaffa18678384edb2ff3a\"},\"breadcrumb\":{\"@id\":\"https:\/\/abeille.law\/nouveau-guide-salaries-proteges\/#breadcrumb\"},\"inLanguage\":\"en-US\",\"potentialAction\":[{\"@type\":\"ReadAction\",\"target\":[\"https:\/\/abeille.law\/nouveau-guide-salaries-proteges\/\"]}]},{\"@type\":\"BreadcrumbList\",\"@id\":\"https:\/\/abeille.law\/nouveau-guide-salaries-proteges\/#breadcrumb\",\"itemListElement\":[{\"@type\":\"ListItem\",\"position\":1,\"name\":\"Accueil\",\"item\":\"https:\/\/abeille.law\/en\/\"},{\"@type\":\"ListItem\",\"position\":2,\"name\":\"Nouveau guide pour les salari\u00e9s prot\u00e9g\u00e9s publi\u00e9 par la DGT\"}]},{\"@type\":\"WebSite\",\"@id\":\"https:\/\/abeille.law\/#website\",\"url\":\"https:\/\/abeille.law\/\",\"name\":\"Abeille Avocats\",\"description\":\"\",\"alternateName\":\"Abeille Avocats\",\"potentialAction\":[{\"@type\":\"SearchAction\",\"target\":{\"@type\":\"EntryPoint\",\"urlTemplate\":\"https:\/\/abeille.law\/?s={search_term_string}\"},\"query-input\":{\"@type\":\"PropertyValueSpecification\",\"valueRequired\":true,\"valueName\":\"search_term_string\"}}],\"inLanguage\":\"en-US\"},{\"@type\":\"Person\",\"@id\":\"https:\/\/abeille.law\/#\/schema\/person\/e4542ce115cbaffa18678384edb2ff3a\",\"name\":\"abeille\",\"image\":{\"@type\":\"ImageObject\",\"inLanguage\":\"en-US\",\"@id\":\"https:\/\/abeille.law\/#\/schema\/person\/image\/\",\"url\":\"https:\/\/abeille.law\/wp-content\/litespeed\/avatar\/2fb2fba12ee04aaa181ee5a23ebd4173.jpg?ver=1777551493\",\"contentUrl\":\"https:\/\/abeille.law\/wp-content\/litespeed\/avatar\/2fb2fba12ee04aaa181ee5a23ebd4173.jpg?ver=1777551493\",\"caption\":\"abeille\"},\"sameAs\":[\"http:\/\/abeille.test\"]}]}<\/script>\n<!-- \/ Yoast SEO plugin. -->","yoast_head_json":{"title":"Nouveau guide pour les salari\u00e9s prot\u00e9g\u00e9s publi\u00e9 par la DGT | Abeille Avocats","robots":{"index":"index","follow":"follow","max-snippet":"max-snippet:-1","max-image-preview":"max-image-preview:large","max-video-preview":"max-video-preview:-1"},"canonical":"https:\/\/abeille.law\/nouveau-guide-salaries-proteges\/","og_locale":"en_US","og_type":"article","og_title":"Nouveau guide pour les salari\u00e9s prot\u00e9g\u00e9s publi\u00e9 par la DGT | Abeille Avocats","og_description":"La Direction G\u00e9n\u00e9rale du Travail publie un guide relatif aux d\u00e9cisions administratives en mati\u00e8re de rupture ou de transfert du contrat de travail des salari\u00e9s prot\u00e9g\u00e9s. L\u2019ensemble des modalit\u00e9s d\u2019intervention de l\u2019autorit\u00e9 administrative sont d\u00e9taill\u00e9s dans un guide pr\u00e9sent\u00e9 sous forme de fiches, qu\u2019il s\u2019agisse du transfert du contrat de travail d\u2019un salari\u00e9 prot\u00e9g\u00e9 ou [&hellip;]","og_url":"https:\/\/abeille.law\/nouveau-guide-salaries-proteges\/","og_site_name":"Abeille Avocats","article_published_time":"2019-10-22T00:00:00+00:00","author":"abeille","twitter_card":"summary_large_image","twitter_misc":{"Written by":"abeille","Est. reading time":"1 minute"},"schema":{"@context":"https:\/\/schema.org","@graph":[{"@type":"Article","@id":"https:\/\/abeille.law\/nouveau-guide-salaries-proteges\/#article","isPartOf":{"@id":"https:\/\/abeille.law\/nouveau-guide-salaries-proteges\/"},"author":{"name":"abeille","@id":"https:\/\/abeille.law\/#\/schema\/person\/e4542ce115cbaffa18678384edb2ff3a"},"headline":"Nouveau guide pour les salari\u00e9s prot\u00e9g\u00e9s publi\u00e9 par la DGT","datePublished":"2019-10-22T00:00:00+00:00","mainEntityOfPage":{"@id":"https:\/\/abeille.law\/nouveau-guide-salaries-proteges\/"},"wordCount":138,"commentCount":0,"articleSection":["Juridiques"],"inLanguage":"en-US","potentialAction":[{"@type":"CommentAction","name":"Comment","target":["https:\/\/abeille.law\/nouveau-guide-salaries-proteges\/#respond"]}]},{"@type":"WebPage","@id":"https:\/\/abeille.law\/nouveau-guide-salaries-proteges\/","url":"https:\/\/abeille.law\/nouveau-guide-salaries-proteges\/","name":"Nouveau guide pour les salari\u00e9s prot\u00e9g\u00e9s publi\u00e9 par la DGT | Abeille Avocats","isPartOf":{"@id":"https:\/\/abeille.law\/#website"},"datePublished":"2019-10-22T00:00:00+00:00","author":{"@id":"https:\/\/abeille.law\/#\/schema\/person\/e4542ce115cbaffa18678384edb2ff3a"},"breadcrumb":{"@id":"https:\/\/abeille.law\/nouveau-guide-salaries-proteges\/#breadcrumb"},"inLanguage":"en-US","potentialAction":[{"@type":"ReadAction","target":["https:\/\/abeille.law\/nouveau-guide-salaries-proteges\/"]}]},{"@type":"BreadcrumbList","@id":"https:\/\/abeille.law\/nouveau-guide-salaries-proteges\/#breadcrumb","itemListElement":[{"@type":"ListItem","position":1,"name":"Accueil","item":"https:\/\/abeille.law\/en\/"},{"@type":"ListItem","position":2,"name":"Nouveau guide pour les salari\u00e9s prot\u00e9g\u00e9s publi\u00e9 par la DGT"}]},{"@type":"WebSite","@id":"https:\/\/abeille.law\/#website","url":"https:\/\/abeille.law\/","name":"Abeille Avocats","description":"","alternateName":"Abeille Avocats","potentialAction":[{"@type":"SearchAction","target":{"@type":"EntryPoint","urlTemplate":"https:\/\/abeille.law\/?s={search_term_string}"},"query-input":{"@type":"PropertyValueSpecification","valueRequired":true,"valueName":"search_term_string"}}],"inLanguage":"en-US"},{"@type":"Person","@id":"https:\/\/abeille.law\/#\/schema\/person\/e4542ce115cbaffa18678384edb2ff3a","name":"abeille","image":{"@type":"ImageObject","inLanguage":"en-US","@id":"https:\/\/abeille.law\/#\/schema\/person\/image\/","url":"https:\/\/abeille.law\/wp-content\/litespeed\/avatar\/2fb2fba12ee04aaa181ee5a23ebd4173.jpg?ver=1777551493","contentUrl":"https:\/\/abeille.law\/wp-content\/litespeed\/avatar\/2fb2fba12ee04aaa181ee5a23ebd4173.jpg?ver=1777551493","caption":"abeille"},"sameAs":["http:\/\/abeille.test"]}]}},"_links":{"self":[{"href":"https:\/\/abeille.law\/en\/wp-json\/wp\/v2\/posts\/9875","targetHints":{"allow":["GET"]}}],"collection":[{"href":"https:\/\/abeille.law\/en\/wp-json\/wp\/v2\/posts"}],"about":[{"href":"https:\/\/abeille.law\/en\/wp-json\/wp\/v2\/types\/post"}],"author":[{"embeddable":true,"href":"https:\/\/abeille.law\/en\/wp-json\/wp\/v2\/users\/1"}],"replies":[{"embeddable":true,"href":"https:\/\/abeille.law\/en\/wp-json\/wp\/v2\/comments?post=9875"}],"version-history":[{"count":0,"href":"https:\/\/abeille.law\/en\/wp-json\/wp\/v2\/posts\/9875\/revisions"}],"wp:attachment":[{"href":"https:\/\/abeille.law\/en\/wp-json\/wp\/v2\/media?parent=9875"}],"wp:term":[{"taxonomy":"category","embeddable":true,"href":"https:\/\/abeille.law\/en\/wp-json\/wp\/v2\/categories?post=9875"},{"taxonomy":"post_tag","embeddable":true,"href":"https:\/\/abeille.law\/en\/wp-json\/wp\/v2\/tags?post=9875"}],"curies":[{"name":"wp","href":"https:\/\/api.w.org\/{rel}","templated":true}]}}