{"id":9874,"date":"2019-10-17T00:00:00","date_gmt":"2019-10-17T00:00:00","guid":{"rendered":"https:\/\/abeille-preprod.eliott-markus.cloud\/intervention-maitre-gallo-salon-academies-immobilier\/"},"modified":"2019-10-17T00:00:00","modified_gmt":"2019-10-17T00:00:00","slug":"intervention-maitre-gallo-salon-academies-immobilier","status":"publish","type":"post","link":"https:\/\/abeille.law\/en\/intervention-maitre-gallo-salon-academies-immobilier\/","title":{"rendered":"Le rendez-vous des professionnels de l&#8217;immobilier : Intervention au Palais des Congr\u00e8s"},"content":{"rendered":"<p><a title=\"Ma\u00eetre St\u00e9phane GALLO - Avocat Associ\u00e9 du cabinet Abeille &#038; Associ\u00e9s\" href=\"fr\/equipe-liste\/id-3-me-stephane-gallo\" target=\"_blank\" rel=\"noopener\">Ma\u00eetre St\u00e9phane GALLO<\/a>, avocat associ\u00e9, responsable du <a title=\"Droit de l'immobilier et construction\" href=\"fr\/domaines-competences\/droit-immobilier-construction\" target=\"_blank\" rel=\"noopener\">P\u00f4le Immobilier<\/a> au sein du <a title=\"Pr\u00e9sentation du cabinet Abeille &#038; Associ\u00e9s \" href=\"fr\/cabinet\" target=\"_blank\" rel=\"noopener\">cabinet Abeille &#038; Associ\u00e9s <\/a>intervient le jeudi 17 octobre de 16h30 \u00e0 18h30 dans le cadre des <strong>Acad\u00e9mies de l\u2019Immobilier<\/strong>, les rencontres <strong>100% pro<\/strong> qui se d\u00e9roulent au <strong>Palais des Congr\u00e8s<\/strong> au sein du <strong>Parc Chanot de Marseille<\/strong> sur la journ\u00e9e enti\u00e8re.<\/p>\n<p> Retrouvez <strong><a title=\"Programme de la journ\u00e9e des Acad\u00e9mies de l'Immobilier\" href=\"upload\/Actus\/Programme-formation-Academies-de-limmobilier.pdf\">le programme<\/a> <\/strong>pour de plus amples informations.<\/p>\n","protected":false},"excerpt":{"rendered":"<p>Ma\u00eetre St\u00e9phane GALLO, avocat associ\u00e9, responsable du P\u00f4le Immobilier au sein du cabinet Abeille &#038; Associ\u00e9s intervient le jeudi 17 octobre de 16h30 \u00e0 18h30 dans le cadre des Acad\u00e9mies de l\u2019Immobilier, les rencontres 100% pro qui se d\u00e9roulent au Palais des Congr\u00e8s au sein du Parc Chanot de Marseille sur la journ\u00e9e enti\u00e8re. Retrouvez [&hellip;]<\/p>\n","protected":false},"author":1,"featured_media":0,"comment_status":"open","ping_status":"open","sticky":false,"template":"","format":"standard","meta":{"_acf_changed":false,"footnotes":""},"categories":[189],"tags":[],"class_list":["post-9874","post","type-post","status-publish","format-standard","hentry","category-cabinet"],"acf":[],"yoast_head":"<!-- This site is optimized with the Yoast SEO plugin v27.1.1 - https:\/\/yoast.com\/product\/yoast-seo-wordpress\/ -->\n<title>Le rendez-vous des professionnels de l&#039;immobilier : Intervention au Palais des Congr\u00e8s | Abeille Avocats<\/title>\n<meta name=\"robots\" content=\"index, follow, max-snippet:-1, max-image-preview:large, max-video-preview:-1\" \/>\n<link rel=\"canonical\" href=\"https:\/\/abeille.law\/intervention-maitre-gallo-salon-academies-immobilier\/\" \/>\n<meta property=\"og:locale\" content=\"en_US\" \/>\n<meta property=\"og:type\" content=\"article\" \/>\n<meta property=\"og:title\" content=\"Le rendez-vous des professionnels de l&#039;immobilier : Intervention au Palais des Congr\u00e8s | Abeille Avocats\" \/>\n<meta property=\"og:description\" content=\"Ma\u00eetre St\u00e9phane GALLO, avocat associ\u00e9, responsable du P\u00f4le Immobilier au sein du cabinet Abeille &#038; Associ\u00e9s intervient le jeudi 17 octobre de 16h30 \u00e0 18h30 dans le cadre des Acad\u00e9mies de l\u2019Immobilier, les rencontres 100% pro qui se d\u00e9roulent au Palais des Congr\u00e8s au sein du Parc Chanot de Marseille sur la journ\u00e9e enti\u00e8re. Retrouvez [&hellip;]\" \/>\n<meta property=\"og:url\" content=\"https:\/\/abeille.law\/intervention-maitre-gallo-salon-academies-immobilier\/\" \/>\n<meta property=\"og:site_name\" content=\"Abeille Avocats\" \/>\n<meta property=\"article:published_time\" content=\"2019-10-17T00:00:00+00:00\" \/>\n<meta name=\"author\" content=\"abeille\" \/>\n<meta name=\"twitter:card\" content=\"summary_large_image\" \/>\n<meta name=\"twitter:label1\" content=\"Written by\" \/>\n\t<meta name=\"twitter:data1\" content=\"abeille\" \/>\n<script type=\"application\/ld+json\" class=\"yoast-schema-graph\">{\"@context\":\"https:\/\/schema.org\",\"@graph\":[{\"@type\":\"Article\",\"@id\":\"https:\/\/abeille.law\/intervention-maitre-gallo-salon-academies-immobilier\/#article\",\"isPartOf\":{\"@id\":\"https:\/\/abeille.law\/intervention-maitre-gallo-salon-academies-immobilier\/\"},\"author\":{\"name\":\"abeille\",\"@id\":\"https:\/\/abeille.law\/#\/schema\/person\/e4542ce115cbaffa18678384edb2ff3a\"},\"headline\":\"Le rendez-vous des professionnels de l&#8217;immobilier : Intervention au Palais des Congr\u00e8s\",\"datePublished\":\"2019-10-17T00:00:00+00:00\",\"mainEntityOfPage\":{\"@id\":\"https:\/\/abeille.law\/intervention-maitre-gallo-salon-academies-immobilier\/\"},\"wordCount\":81,\"commentCount\":0,\"articleSection\":[\"Cabinet\"],\"inLanguage\":\"en-US\",\"potentialAction\":[{\"@type\":\"CommentAction\",\"name\":\"Comment\",\"target\":[\"https:\/\/abeille.law\/intervention-maitre-gallo-salon-academies-immobilier\/#respond\"]}]},{\"@type\":\"WebPage\",\"@id\":\"https:\/\/abeille.law\/intervention-maitre-gallo-salon-academies-immobilier\/\",\"url\":\"https:\/\/abeille.law\/intervention-maitre-gallo-salon-academies-immobilier\/\",\"name\":\"Le rendez-vous des professionnels de l'immobilier : Intervention au Palais des Congr\u00e8s | Abeille Avocats\",\"isPartOf\":{\"@id\":\"https:\/\/abeille.law\/#website\"},\"datePublished\":\"2019-10-17T00:00:00+00:00\",\"author\":{\"@id\":\"https:\/\/abeille.law\/#\/schema\/person\/e4542ce115cbaffa18678384edb2ff3a\"},\"breadcrumb\":{\"@id\":\"https:\/\/abeille.law\/intervention-maitre-gallo-salon-academies-immobilier\/#breadcrumb\"},\"inLanguage\":\"en-US\",\"potentialAction\":[{\"@type\":\"ReadAction\",\"target\":[\"https:\/\/abeille.law\/intervention-maitre-gallo-salon-academies-immobilier\/\"]}]},{\"@type\":\"BreadcrumbList\",\"@id\":\"https:\/\/abeille.law\/intervention-maitre-gallo-salon-academies-immobilier\/#breadcrumb\",\"itemListElement\":[{\"@type\":\"ListItem\",\"position\":1,\"name\":\"Accueil\",\"item\":\"https:\/\/abeille.law\/en\/\"},{\"@type\":\"ListItem\",\"position\":2,\"name\":\"Le rendez-vous des professionnels de l&rsquo;immobilier : Intervention au Palais des Congr\u00e8s\"}]},{\"@type\":\"WebSite\",\"@id\":\"https:\/\/abeille.law\/#website\",\"url\":\"https:\/\/abeille.law\/\",\"name\":\"Abeille Avocats\",\"description\":\"\",\"alternateName\":\"Abeille Avocats\",\"potentialAction\":[{\"@type\":\"SearchAction\",\"target\":{\"@type\":\"EntryPoint\",\"urlTemplate\":\"https:\/\/abeille.law\/?s={search_term_string}\"},\"query-input\":{\"@type\":\"PropertyValueSpecification\",\"valueRequired\":true,\"valueName\":\"search_term_string\"}}],\"inLanguage\":\"en-US\"},{\"@type\":\"Person\",\"@id\":\"https:\/\/abeille.law\/#\/schema\/person\/e4542ce115cbaffa18678384edb2ff3a\",\"name\":\"abeille\",\"image\":{\"@type\":\"ImageObject\",\"inLanguage\":\"en-US\",\"@id\":\"https:\/\/abeille.law\/#\/schema\/person\/image\/\",\"url\":\"https:\/\/abeille.law\/wp-content\/litespeed\/avatar\/2fb2fba12ee04aaa181ee5a23ebd4173.jpg?ver=1777551493\",\"contentUrl\":\"https:\/\/abeille.law\/wp-content\/litespeed\/avatar\/2fb2fba12ee04aaa181ee5a23ebd4173.jpg?ver=1777551493\",\"caption\":\"abeille\"},\"sameAs\":[\"http:\/\/abeille.test\"]}]}<\/script>\n<!-- \/ Yoast SEO plugin. -->","yoast_head_json":{"title":"Le rendez-vous des professionnels de l'immobilier : Intervention au Palais des Congr\u00e8s | Abeille Avocats","robots":{"index":"index","follow":"follow","max-snippet":"max-snippet:-1","max-image-preview":"max-image-preview:large","max-video-preview":"max-video-preview:-1"},"canonical":"https:\/\/abeille.law\/intervention-maitre-gallo-salon-academies-immobilier\/","og_locale":"en_US","og_type":"article","og_title":"Le rendez-vous des professionnels de l'immobilier : Intervention au Palais des Congr\u00e8s | Abeille Avocats","og_description":"Ma\u00eetre St\u00e9phane GALLO, avocat associ\u00e9, responsable du P\u00f4le Immobilier au sein du cabinet Abeille &#038; Associ\u00e9s intervient le jeudi 17 octobre de 16h30 \u00e0 18h30 dans le cadre des Acad\u00e9mies de l\u2019Immobilier, les rencontres 100% pro qui se d\u00e9roulent au Palais des Congr\u00e8s au sein du Parc Chanot de Marseille sur la journ\u00e9e enti\u00e8re. Retrouvez [&hellip;]","og_url":"https:\/\/abeille.law\/intervention-maitre-gallo-salon-academies-immobilier\/","og_site_name":"Abeille Avocats","article_published_time":"2019-10-17T00:00:00+00:00","author":"abeille","twitter_card":"summary_large_image","twitter_misc":{"Written by":"abeille"},"schema":{"@context":"https:\/\/schema.org","@graph":[{"@type":"Article","@id":"https:\/\/abeille.law\/intervention-maitre-gallo-salon-academies-immobilier\/#article","isPartOf":{"@id":"https:\/\/abeille.law\/intervention-maitre-gallo-salon-academies-immobilier\/"},"author":{"name":"abeille","@id":"https:\/\/abeille.law\/#\/schema\/person\/e4542ce115cbaffa18678384edb2ff3a"},"headline":"Le rendez-vous des professionnels de l&#8217;immobilier : Intervention au Palais des Congr\u00e8s","datePublished":"2019-10-17T00:00:00+00:00","mainEntityOfPage":{"@id":"https:\/\/abeille.law\/intervention-maitre-gallo-salon-academies-immobilier\/"},"wordCount":81,"commentCount":0,"articleSection":["Cabinet"],"inLanguage":"en-US","potentialAction":[{"@type":"CommentAction","name":"Comment","target":["https:\/\/abeille.law\/intervention-maitre-gallo-salon-academies-immobilier\/#respond"]}]},{"@type":"WebPage","@id":"https:\/\/abeille.law\/intervention-maitre-gallo-salon-academies-immobilier\/","url":"https:\/\/abeille.law\/intervention-maitre-gallo-salon-academies-immobilier\/","name":"Le rendez-vous des professionnels de l'immobilier : Intervention au Palais des Congr\u00e8s | Abeille Avocats","isPartOf":{"@id":"https:\/\/abeille.law\/#website"},"datePublished":"2019-10-17T00:00:00+00:00","author":{"@id":"https:\/\/abeille.law\/#\/schema\/person\/e4542ce115cbaffa18678384edb2ff3a"},"breadcrumb":{"@id":"https:\/\/abeille.law\/intervention-maitre-gallo-salon-academies-immobilier\/#breadcrumb"},"inLanguage":"en-US","potentialAction":[{"@type":"ReadAction","target":["https:\/\/abeille.law\/intervention-maitre-gallo-salon-academies-immobilier\/"]}]},{"@type":"BreadcrumbList","@id":"https:\/\/abeille.law\/intervention-maitre-gallo-salon-academies-immobilier\/#breadcrumb","itemListElement":[{"@type":"ListItem","position":1,"name":"Accueil","item":"https:\/\/abeille.law\/en\/"},{"@type":"ListItem","position":2,"name":"Le rendez-vous des professionnels de l&rsquo;immobilier : Intervention au Palais des Congr\u00e8s"}]},{"@type":"WebSite","@id":"https:\/\/abeille.law\/#website","url":"https:\/\/abeille.law\/","name":"Abeille Avocats","description":"","alternateName":"Abeille Avocats","potentialAction":[{"@type":"SearchAction","target":{"@type":"EntryPoint","urlTemplate":"https:\/\/abeille.law\/?s={search_term_string}"},"query-input":{"@type":"PropertyValueSpecification","valueRequired":true,"valueName":"search_term_string"}}],"inLanguage":"en-US"},{"@type":"Person","@id":"https:\/\/abeille.law\/#\/schema\/person\/e4542ce115cbaffa18678384edb2ff3a","name":"abeille","image":{"@type":"ImageObject","inLanguage":"en-US","@id":"https:\/\/abeille.law\/#\/schema\/person\/image\/","url":"https:\/\/abeille.law\/wp-content\/litespeed\/avatar\/2fb2fba12ee04aaa181ee5a23ebd4173.jpg?ver=1777551493","contentUrl":"https:\/\/abeille.law\/wp-content\/litespeed\/avatar\/2fb2fba12ee04aaa181ee5a23ebd4173.jpg?ver=1777551493","caption":"abeille"},"sameAs":["http:\/\/abeille.test"]}]}},"_links":{"self":[{"href":"https:\/\/abeille.law\/en\/wp-json\/wp\/v2\/posts\/9874","targetHints":{"allow":["GET"]}}],"collection":[{"href":"https:\/\/abeille.law\/en\/wp-json\/wp\/v2\/posts"}],"about":[{"href":"https:\/\/abeille.law\/en\/wp-json\/wp\/v2\/types\/post"}],"author":[{"embeddable":true,"href":"https:\/\/abeille.law\/en\/wp-json\/wp\/v2\/users\/1"}],"replies":[{"embeddable":true,"href":"https:\/\/abeille.law\/en\/wp-json\/wp\/v2\/comments?post=9874"}],"version-history":[{"count":0,"href":"https:\/\/abeille.law\/en\/wp-json\/wp\/v2\/posts\/9874\/revisions"}],"wp:attachment":[{"href":"https:\/\/abeille.law\/en\/wp-json\/wp\/v2\/media?parent=9874"}],"wp:term":[{"taxonomy":"category","embeddable":true,"href":"https:\/\/abeille.law\/en\/wp-json\/wp\/v2\/categories?post=9874"},{"taxonomy":"post_tag","embeddable":true,"href":"https:\/\/abeille.law\/en\/wp-json\/wp\/v2\/tags?post=9874"}],"curies":[{"name":"wp","href":"https:\/\/api.w.org\/{rel}","templated":true}]}}