{"id":9854,"date":"2019-07-16T00:00:00","date_gmt":"2019-07-16T00:00:00","guid":{"rendered":"https:\/\/abeille-preprod.eliott-markus.cloud\/dispositif-pinel-zonage-revue\/"},"modified":"2019-07-16T00:00:00","modified_gmt":"2019-07-16T00:00:00","slug":"dispositif-pinel-zonage-revue","status":"publish","type":"post","link":"https:\/\/abeille.law\/en\/dispositif-pinel-zonage-revue\/","title":{"rendered":"Le zonage du dispositif Pinel a \u00e9t\u00e9 revu par les pouvoirs publics"},"content":{"rendered":"<p>Les villes d\u2019Angers et de Poitiers deviennent \u00e9ligibles au <strong>dispositif Pinel<\/strong>.<\/p>\n<p>Le dispositif \u00ab\u00a0<em>Pinel<\/em>\u00a0\u00bb permet aux particuliers qui <a title=\"Abeille &#038; Associ\u00e9s | Droit de la construction\" href=\"fr\/domaines-competences\/droit-immobilier-construction\">acqui\u00e8rent ou qui font construire<\/a>, jusqu\u2019au 31 d\u00e9cembre 2021, des logements neufs ou assimil\u00e9s afin de les louer de b\u00e9n\u00e9ficier, sous certaines conditions, d\u2019une <strong>r\u00e9duction d\u2019imp\u00f4t sur le revenu<\/strong>. Le taux de cette r\u00e9duction, calcul\u00e9e sur le prix de revient du logement (dans certaines limites) varie selon la dur\u00e9e de l\u2019engagement de location choisie par l\u2019investisseur (12\u00a0% pour 6 ans, 18\u00a0% pour 9 ans ou 21\u00a0% pour 12 ans). \u00c9tant pr\u00e9cis\u00e9 que seules les communes class\u00e9es en zones A bis, A et B1 sont \u00e9ligibles au dispositif. Celles class\u00e9es en zones B2 et C en sont exclues. R\u00e9cemment, les pouvoirs publics ont revu \u00e0 la marge ce zonage. En effet, les communes d\u2019Angers et de Poitiers ont \u00e9t\u00e9 transf\u00e9r\u00e9es de la zone B2 \u00e0 B1. Ce qui signifie que ces derni\u00e8res sont d\u00e9sormais \u00e9ligibles au dispositif Pinel, et ce depuis le 6 juillet 2019.<\/p>\n<section class=\"annotation\">\n<ul>\n<li>Pr\u00e9cision\u00a0:\u00a0le territoire fran\u00e7ais est d\u00e9coup\u00e9 en plusieurs zones (A bis, A, B1, B2 et C) qui refl\u00e8tent la tension du march\u00e9 du logement. Les zones les plus tendues correspondant \u00e0 la lettre A et celles les moins tendues \u00e0 la lettre C.<\/li>\n<\/ul>\n<p><span style=\"font-size: 8pt;\"><em>Article publi\u00e9 le\u00a0<time>16 juillet 2019<\/time>\u00a0&#8211;\u00a0\u00a9\u00a0\u00a0Les Echos Publishing\u00a0&#8211;\u00a02019<\/em><\/span><\/p>\n<\/section>\n","protected":false},"excerpt":{"rendered":"<p>Les villes d\u2019Angers et de Poitiers deviennent \u00e9ligibles au dispositif Pinel. Le dispositif \u00ab\u00a0Pinel\u00a0\u00bb permet aux particuliers qui acqui\u00e8rent ou qui font construire, jusqu\u2019au 31 d\u00e9cembre 2021, des logements neufs ou assimil\u00e9s afin de les louer de b\u00e9n\u00e9ficier, sous certaines conditions, d\u2019une r\u00e9duction d\u2019imp\u00f4t sur le revenu. Le taux de cette r\u00e9duction, calcul\u00e9e sur le [&hellip;]<\/p>\n","protected":false},"author":1,"featured_media":0,"comment_status":"open","ping_status":"open","sticky":false,"template":"","format":"standard","meta":{"_acf_changed":false,"footnotes":""},"categories":[190],"tags":[],"class_list":["post-9854","post","type-post","status-publish","format-standard","hentry","category-juridiques"],"acf":[],"yoast_head":"<!-- This site is optimized with the Yoast SEO plugin v27.1.1 - https:\/\/yoast.com\/product\/yoast-seo-wordpress\/ -->\n<title>Le zonage du dispositif Pinel a \u00e9t\u00e9 revu par les pouvoirs publics | Abeille Avocats<\/title>\n<meta name=\"robots\" content=\"index, follow, max-snippet:-1, max-image-preview:large, max-video-preview:-1\" \/>\n<link rel=\"canonical\" href=\"https:\/\/abeille.law\/dispositif-pinel-zonage-revue\/\" \/>\n<meta property=\"og:locale\" content=\"en_US\" \/>\n<meta property=\"og:type\" content=\"article\" \/>\n<meta property=\"og:title\" content=\"Le zonage du dispositif Pinel a \u00e9t\u00e9 revu par les pouvoirs publics | Abeille Avocats\" \/>\n<meta property=\"og:description\" content=\"Les villes d\u2019Angers et de Poitiers deviennent \u00e9ligibles au dispositif Pinel. Le dispositif \u00ab\u00a0Pinel\u00a0\u00bb permet aux particuliers qui acqui\u00e8rent ou qui font construire, jusqu\u2019au 31 d\u00e9cembre 2021, des logements neufs ou assimil\u00e9s afin de les louer de b\u00e9n\u00e9ficier, sous certaines conditions, d\u2019une r\u00e9duction d\u2019imp\u00f4t sur le revenu. Le taux de cette r\u00e9duction, calcul\u00e9e sur le [&hellip;]\" \/>\n<meta property=\"og:url\" content=\"https:\/\/abeille.law\/dispositif-pinel-zonage-revue\/\" \/>\n<meta property=\"og:site_name\" content=\"Abeille Avocats\" \/>\n<meta property=\"article:published_time\" content=\"2019-07-16T00:00:00+00:00\" \/>\n<meta name=\"author\" content=\"abeille\" \/>\n<meta name=\"twitter:card\" content=\"summary_large_image\" \/>\n<meta name=\"twitter:label1\" content=\"Written by\" \/>\n\t<meta name=\"twitter:data1\" content=\"abeille\" \/>\n\t<meta name=\"twitter:label2\" content=\"Est. reading time\" \/>\n\t<meta name=\"twitter:data2\" content=\"1 minute\" \/>\n<script type=\"application\/ld+json\" class=\"yoast-schema-graph\">{\"@context\":\"https:\/\/schema.org\",\"@graph\":[{\"@type\":\"Article\",\"@id\":\"https:\/\/abeille.law\/dispositif-pinel-zonage-revue\/#article\",\"isPartOf\":{\"@id\":\"https:\/\/abeille.law\/dispositif-pinel-zonage-revue\/\"},\"author\":{\"name\":\"abeille\",\"@id\":\"https:\/\/abeille.law\/#\/schema\/person\/e4542ce115cbaffa18678384edb2ff3a\"},\"headline\":\"Le zonage du dispositif Pinel a \u00e9t\u00e9 revu par les pouvoirs publics\",\"datePublished\":\"2019-07-16T00:00:00+00:00\",\"mainEntityOfPage\":{\"@id\":\"https:\/\/abeille.law\/dispositif-pinel-zonage-revue\/\"},\"wordCount\":241,\"commentCount\":0,\"articleSection\":[\"Juridiques\"],\"inLanguage\":\"en-US\",\"potentialAction\":[{\"@type\":\"CommentAction\",\"name\":\"Comment\",\"target\":[\"https:\/\/abeille.law\/dispositif-pinel-zonage-revue\/#respond\"]}]},{\"@type\":\"WebPage\",\"@id\":\"https:\/\/abeille.law\/dispositif-pinel-zonage-revue\/\",\"url\":\"https:\/\/abeille.law\/dispositif-pinel-zonage-revue\/\",\"name\":\"Le zonage du dispositif Pinel a \u00e9t\u00e9 revu par les pouvoirs publics | Abeille Avocats\",\"isPartOf\":{\"@id\":\"https:\/\/abeille.law\/#website\"},\"datePublished\":\"2019-07-16T00:00:00+00:00\",\"author\":{\"@id\":\"https:\/\/abeille.law\/#\/schema\/person\/e4542ce115cbaffa18678384edb2ff3a\"},\"breadcrumb\":{\"@id\":\"https:\/\/abeille.law\/dispositif-pinel-zonage-revue\/#breadcrumb\"},\"inLanguage\":\"en-US\",\"potentialAction\":[{\"@type\":\"ReadAction\",\"target\":[\"https:\/\/abeille.law\/dispositif-pinel-zonage-revue\/\"]}]},{\"@type\":\"BreadcrumbList\",\"@id\":\"https:\/\/abeille.law\/dispositif-pinel-zonage-revue\/#breadcrumb\",\"itemListElement\":[{\"@type\":\"ListItem\",\"position\":1,\"name\":\"Accueil\",\"item\":\"https:\/\/abeille.law\/en\/\"},{\"@type\":\"ListItem\",\"position\":2,\"name\":\"Le zonage du dispositif Pinel a \u00e9t\u00e9 revu par les pouvoirs publics\"}]},{\"@type\":\"WebSite\",\"@id\":\"https:\/\/abeille.law\/#website\",\"url\":\"https:\/\/abeille.law\/\",\"name\":\"Abeille Avocats\",\"description\":\"\",\"alternateName\":\"Abeille Avocats\",\"potentialAction\":[{\"@type\":\"SearchAction\",\"target\":{\"@type\":\"EntryPoint\",\"urlTemplate\":\"https:\/\/abeille.law\/?s={search_term_string}\"},\"query-input\":{\"@type\":\"PropertyValueSpecification\",\"valueRequired\":true,\"valueName\":\"search_term_string\"}}],\"inLanguage\":\"en-US\"},{\"@type\":\"Person\",\"@id\":\"https:\/\/abeille.law\/#\/schema\/person\/e4542ce115cbaffa18678384edb2ff3a\",\"name\":\"abeille\",\"image\":{\"@type\":\"ImageObject\",\"inLanguage\":\"en-US\",\"@id\":\"https:\/\/abeille.law\/#\/schema\/person\/image\/\",\"url\":\"https:\/\/abeille.law\/wp-content\/litespeed\/avatar\/2fb2fba12ee04aaa181ee5a23ebd4173.jpg?ver=1777551493\",\"contentUrl\":\"https:\/\/abeille.law\/wp-content\/litespeed\/avatar\/2fb2fba12ee04aaa181ee5a23ebd4173.jpg?ver=1777551493\",\"caption\":\"abeille\"},\"sameAs\":[\"http:\/\/abeille.test\"]}]}<\/script>\n<!-- \/ Yoast SEO plugin. -->","yoast_head_json":{"title":"Le zonage du dispositif Pinel a \u00e9t\u00e9 revu par les pouvoirs publics | Abeille Avocats","robots":{"index":"index","follow":"follow","max-snippet":"max-snippet:-1","max-image-preview":"max-image-preview:large","max-video-preview":"max-video-preview:-1"},"canonical":"https:\/\/abeille.law\/dispositif-pinel-zonage-revue\/","og_locale":"en_US","og_type":"article","og_title":"Le zonage du dispositif Pinel a \u00e9t\u00e9 revu par les pouvoirs publics | Abeille Avocats","og_description":"Les villes d\u2019Angers et de Poitiers deviennent \u00e9ligibles au dispositif Pinel. Le dispositif \u00ab\u00a0Pinel\u00a0\u00bb permet aux particuliers qui acqui\u00e8rent ou qui font construire, jusqu\u2019au 31 d\u00e9cembre 2021, des logements neufs ou assimil\u00e9s afin de les louer de b\u00e9n\u00e9ficier, sous certaines conditions, d\u2019une r\u00e9duction d\u2019imp\u00f4t sur le revenu. Le taux de cette r\u00e9duction, calcul\u00e9e sur le [&hellip;]","og_url":"https:\/\/abeille.law\/dispositif-pinel-zonage-revue\/","og_site_name":"Abeille Avocats","article_published_time":"2019-07-16T00:00:00+00:00","author":"abeille","twitter_card":"summary_large_image","twitter_misc":{"Written by":"abeille","Est. reading time":"1 minute"},"schema":{"@context":"https:\/\/schema.org","@graph":[{"@type":"Article","@id":"https:\/\/abeille.law\/dispositif-pinel-zonage-revue\/#article","isPartOf":{"@id":"https:\/\/abeille.law\/dispositif-pinel-zonage-revue\/"},"author":{"name":"abeille","@id":"https:\/\/abeille.law\/#\/schema\/person\/e4542ce115cbaffa18678384edb2ff3a"},"headline":"Le zonage du dispositif Pinel a \u00e9t\u00e9 revu par les pouvoirs publics","datePublished":"2019-07-16T00:00:00+00:00","mainEntityOfPage":{"@id":"https:\/\/abeille.law\/dispositif-pinel-zonage-revue\/"},"wordCount":241,"commentCount":0,"articleSection":["Juridiques"],"inLanguage":"en-US","potentialAction":[{"@type":"CommentAction","name":"Comment","target":["https:\/\/abeille.law\/dispositif-pinel-zonage-revue\/#respond"]}]},{"@type":"WebPage","@id":"https:\/\/abeille.law\/dispositif-pinel-zonage-revue\/","url":"https:\/\/abeille.law\/dispositif-pinel-zonage-revue\/","name":"Le zonage du dispositif Pinel a \u00e9t\u00e9 revu par les pouvoirs publics | Abeille Avocats","isPartOf":{"@id":"https:\/\/abeille.law\/#website"},"datePublished":"2019-07-16T00:00:00+00:00","author":{"@id":"https:\/\/abeille.law\/#\/schema\/person\/e4542ce115cbaffa18678384edb2ff3a"},"breadcrumb":{"@id":"https:\/\/abeille.law\/dispositif-pinel-zonage-revue\/#breadcrumb"},"inLanguage":"en-US","potentialAction":[{"@type":"ReadAction","target":["https:\/\/abeille.law\/dispositif-pinel-zonage-revue\/"]}]},{"@type":"BreadcrumbList","@id":"https:\/\/abeille.law\/dispositif-pinel-zonage-revue\/#breadcrumb","itemListElement":[{"@type":"ListItem","position":1,"name":"Accueil","item":"https:\/\/abeille.law\/en\/"},{"@type":"ListItem","position":2,"name":"Le zonage du dispositif Pinel a \u00e9t\u00e9 revu par les pouvoirs publics"}]},{"@type":"WebSite","@id":"https:\/\/abeille.law\/#website","url":"https:\/\/abeille.law\/","name":"Abeille Avocats","description":"","alternateName":"Abeille Avocats","potentialAction":[{"@type":"SearchAction","target":{"@type":"EntryPoint","urlTemplate":"https:\/\/abeille.law\/?s={search_term_string}"},"query-input":{"@type":"PropertyValueSpecification","valueRequired":true,"valueName":"search_term_string"}}],"inLanguage":"en-US"},{"@type":"Person","@id":"https:\/\/abeille.law\/#\/schema\/person\/e4542ce115cbaffa18678384edb2ff3a","name":"abeille","image":{"@type":"ImageObject","inLanguage":"en-US","@id":"https:\/\/abeille.law\/#\/schema\/person\/image\/","url":"https:\/\/abeille.law\/wp-content\/litespeed\/avatar\/2fb2fba12ee04aaa181ee5a23ebd4173.jpg?ver=1777551493","contentUrl":"https:\/\/abeille.law\/wp-content\/litespeed\/avatar\/2fb2fba12ee04aaa181ee5a23ebd4173.jpg?ver=1777551493","caption":"abeille"},"sameAs":["http:\/\/abeille.test"]}]}},"_links":{"self":[{"href":"https:\/\/abeille.law\/en\/wp-json\/wp\/v2\/posts\/9854","targetHints":{"allow":["GET"]}}],"collection":[{"href":"https:\/\/abeille.law\/en\/wp-json\/wp\/v2\/posts"}],"about":[{"href":"https:\/\/abeille.law\/en\/wp-json\/wp\/v2\/types\/post"}],"author":[{"embeddable":true,"href":"https:\/\/abeille.law\/en\/wp-json\/wp\/v2\/users\/1"}],"replies":[{"embeddable":true,"href":"https:\/\/abeille.law\/en\/wp-json\/wp\/v2\/comments?post=9854"}],"version-history":[{"count":0,"href":"https:\/\/abeille.law\/en\/wp-json\/wp\/v2\/posts\/9854\/revisions"}],"wp:attachment":[{"href":"https:\/\/abeille.law\/en\/wp-json\/wp\/v2\/media?parent=9854"}],"wp:term":[{"taxonomy":"category","embeddable":true,"href":"https:\/\/abeille.law\/en\/wp-json\/wp\/v2\/categories?post=9854"},{"taxonomy":"post_tag","embeddable":true,"href":"https:\/\/abeille.law\/en\/wp-json\/wp\/v2\/tags?post=9854"}],"curies":[{"name":"wp","href":"https:\/\/api.w.org\/{rel}","templated":true}]}}