{"id":9787,"date":"2019-04-16T00:00:00","date_gmt":"2019-04-16T00:00:00","guid":{"rendered":"https:\/\/abeille-preprod.eliott-markus.cloud\/cessation-activite-exploitant-agricole\/"},"modified":"2019-04-16T00:00:00","modified_gmt":"2019-04-16T00:00:00","slug":"cessation-activite-exploitant-agricole","status":"publish","type":"post","link":"https:\/\/abeille.law\/en\/cessation-activite-exploitant-agricole\/","title":{"rendered":"Exploitants agricoles : faut-il cesser son activit\u00e9 pour devenir retrait\u00e9 ?"},"content":{"rendered":"<p>Dans le cadre de leur activit\u00e9 professionnelle, les exploitants agricoles versent des <strong>cotisations sociales personnelles<\/strong> \u00e0 la Mutualit\u00e9 sociale agricole (<strong>MSA<\/strong>) en vue, notamment, de se constituer des <strong>droits \u00e0 la retraite<\/strong>. En contrepartie, une fois l\u2019\u00e2ge l\u00e9gal atteint (62\u00a0ans pour les exploitants n\u00e9s \u00e0 compter de\u00a01955), ils b\u00e9n\u00e9ficient d\u2019une pension de retraite servie par cet organisme. Mais attention, car pour pr\u00e9tendre au paiement de cette pension, ils doivent cesser d\u00e9finitivement leur activit\u00e9 non salari\u00e9e. Une r\u00e8gle parfois contest\u00e9e par les exploitants agricoles\u2026<\/p>\n<p>En juillet\u00a02014, un exploitant agricole avait demand\u00e9 \u00e0 b\u00e9n\u00e9ficier de sa <a title=\"Plus d'informations sur le droit du travail\" href=\"fr\/domaines-competences\/droit-travail-protection-sociale\">pension de retraite<\/a> \u00e0 la MSA. Celle-ci avait refus\u00e9 au motif que l\u2019int\u00e9ress\u00e9 poursuivait son activit\u00e9 non salari\u00e9e agricole. L\u2019exploitant avait alors saisi la justice, estimant que ce refus allait \u00e0 l\u2019encontre, en particulier, de la Convention de sauvegarde des droits de l\u2019homme et des libert\u00e9s fondamentales, en ce qu\u2019il avait pour effet de le priver du droit d\u2019user de ses biens. Mais son argumentation n\u2019a pas trouv\u00e9 gr\u00e2ce aux yeux des juges de la Cour de cassation. Et pour cause\u00a0: l\u2019atteinte port\u00e9e \u00e0 la libert\u00e9 d\u2019user de ses biens poursuit un but d\u2019int\u00e9r\u00eat g\u00e9n\u00e9ral. Concr\u00e8tement, l\u2019obligation faite aux exploitants agricoles de cesser leur activit\u00e9 professionnelle pour percevoir leur pension de retraite personnelle a pour objectif de favoriser l\u2019installation de jeunes agriculteurs.<\/p>\n<blockquote><p>Vous pouvez consulter l&#8217;<a title=\"Legifrance | Arr\u00eat n\u00b017-27943\" href=\"https:\/\/www.legifrance.gouv.fr\/affichJuriJudi.do?oldAction=rechJuriJudi&#038;idTexte=JURITEXT000037787059&#038;fastReqId=837450623&#038;fastPos=1\" target=\"_blank\" rel=\"noopener\">arr\u00eat de la Cour de\u00a0Cassation civile<\/a>\u00a02e n\u00b017-27943, 29\u00a0novembre\u00a02018.<\/p><\/blockquote>\n<section class=\"annotation\">\n<ul>\n<li>\u00c0 savoir :\u00a0les exploitants agricoles ont la possibilit\u00e9, sous certaines conditions strictes (avoir atteint l\u2019\u00e2ge l\u00e9gal de d\u00e9part en retraite ou l\u2019\u00e2ge donnant droit \u00e0 une retraite \u00e0 taux plein, avoir demand\u00e9 l\u2019ensemble de leurs retraites de base et compl\u00e9mentaire\u2026), de b\u00e9n\u00e9ficier de leur pension de retraite tout en poursuivant ou en reprenant une activit\u00e9 non salari\u00e9e agricole. En outre, si les conditions du cumul emploi-retraite ne sont pas remplies, ils peuvent poursuivre l\u2019exploitation ou la mise en valeur d\u2019une parcelle r\u00e9duite de terre, donner un coup de main occasionnel aux membres de la famille qui ont repris l\u2019exploitation ou encore demander une autorisation temporaire de poursuite d\u2019activit\u00e9 en cas de difficult\u00e9 \u00e0 c\u00e9der l\u2019exploitation en pleine propri\u00e9t\u00e9 ou en location.<\/li>\n<\/ul>\n<\/section>\n<blockquote><p>Pour plus d&#8217;informations, n&#8217;h\u00e9sitez pas \u00e0 <a title=\"Contactez-nous\" href=\"fr\/contact\">contacter le cabinet Abeille &#038; Associ\u00e9s<\/a>.<\/p><\/blockquote>\n<p>Article publi\u00e9 le\u00a0<time>16 avril 2019<\/time>\u00a0&#8211;\u00a0\u00a9\u00a0\u00a0Les Echos Publishing\u00a0&#8211;\u00a02019<\/p>\n","protected":false},"excerpt":{"rendered":"<p>Pour percevoir leur <strong>pension de retraite<\/strong>, les <strong>exploitants agricoles<\/strong> doivent cesser d&eacute;finitivement leur activit&eacute; professionnelle. Une r&egrave;gle destin&eacute;e &agrave; faciliter l&rsquo;installation des jeunes agriculteurs.<\/p>\n","protected":false},"author":1,"featured_media":0,"comment_status":"open","ping_status":"open","sticky":false,"template":"","format":"standard","meta":{"_acf_changed":false,"footnotes":""},"categories":[190],"tags":[],"class_list":["post-9787","post","type-post","status-publish","format-standard","hentry","category-juridiques"],"acf":[],"yoast_head":"<!-- This site is optimized with the Yoast SEO plugin v27.1.1 - https:\/\/yoast.com\/product\/yoast-seo-wordpress\/ -->\n<title>Exploitants agricoles : faut-il cesser son activit\u00e9 pour devenir retrait\u00e9 ? | Abeille Avocats<\/title>\n<meta name=\"robots\" content=\"index, follow, max-snippet:-1, max-image-preview:large, max-video-preview:-1\" \/>\n<link rel=\"canonical\" href=\"https:\/\/abeille.law\/cessation-activite-exploitant-agricole\/\" \/>\n<meta property=\"og:locale\" content=\"en_US\" \/>\n<meta property=\"og:type\" content=\"article\" \/>\n<meta property=\"og:title\" content=\"Exploitants agricoles : faut-il cesser son activit\u00e9 pour devenir retrait\u00e9 ? | Abeille Avocats\" \/>\n<meta property=\"og:description\" content=\"Pour percevoir leur pension de retraite, les exploitants agricoles doivent cesser d&eacute;finitivement leur activit&eacute; professionnelle. Une r&egrave;gle destin&eacute;e &agrave; faciliter l&rsquo;installation des jeunes agriculteurs.\" \/>\n<meta property=\"og:url\" content=\"https:\/\/abeille.law\/cessation-activite-exploitant-agricole\/\" \/>\n<meta property=\"og:site_name\" content=\"Abeille Avocats\" \/>\n<meta property=\"article:published_time\" content=\"2019-04-16T00:00:00+00:00\" \/>\n<meta name=\"author\" content=\"abeille\" \/>\n<meta name=\"twitter:card\" content=\"summary_large_image\" \/>\n<meta name=\"twitter:label1\" content=\"Written by\" \/>\n\t<meta name=\"twitter:data1\" content=\"abeille\" \/>\n\t<meta name=\"twitter:label2\" content=\"Est. reading time\" \/>\n\t<meta name=\"twitter:data2\" content=\"2 minutes\" \/>\n<script type=\"application\/ld+json\" class=\"yoast-schema-graph\">{\"@context\":\"https:\/\/schema.org\",\"@graph\":[{\"@type\":\"Article\",\"@id\":\"https:\/\/abeille.law\/cessation-activite-exploitant-agricole\/#article\",\"isPartOf\":{\"@id\":\"https:\/\/abeille.law\/cessation-activite-exploitant-agricole\/\"},\"author\":{\"name\":\"abeille\",\"@id\":\"https:\/\/abeille.law\/#\/schema\/person\/e4542ce115cbaffa18678384edb2ff3a\"},\"headline\":\"Exploitants agricoles : faut-il cesser son activit\u00e9 pour devenir retrait\u00e9 ?\",\"datePublished\":\"2019-04-16T00:00:00+00:00\",\"mainEntityOfPage\":{\"@id\":\"https:\/\/abeille.law\/cessation-activite-exploitant-agricole\/\"},\"wordCount\":426,\"commentCount\":0,\"articleSection\":[\"Juridiques\"],\"inLanguage\":\"en-US\",\"potentialAction\":[{\"@type\":\"CommentAction\",\"name\":\"Comment\",\"target\":[\"https:\/\/abeille.law\/cessation-activite-exploitant-agricole\/#respond\"]}]},{\"@type\":\"WebPage\",\"@id\":\"https:\/\/abeille.law\/cessation-activite-exploitant-agricole\/\",\"url\":\"https:\/\/abeille.law\/cessation-activite-exploitant-agricole\/\",\"name\":\"Exploitants agricoles : faut-il cesser son activit\u00e9 pour devenir retrait\u00e9 ? | Abeille Avocats\",\"isPartOf\":{\"@id\":\"https:\/\/abeille.law\/#website\"},\"datePublished\":\"2019-04-16T00:00:00+00:00\",\"author\":{\"@id\":\"https:\/\/abeille.law\/#\/schema\/person\/e4542ce115cbaffa18678384edb2ff3a\"},\"breadcrumb\":{\"@id\":\"https:\/\/abeille.law\/cessation-activite-exploitant-agricole\/#breadcrumb\"},\"inLanguage\":\"en-US\",\"potentialAction\":[{\"@type\":\"ReadAction\",\"target\":[\"https:\/\/abeille.law\/cessation-activite-exploitant-agricole\/\"]}]},{\"@type\":\"BreadcrumbList\",\"@id\":\"https:\/\/abeille.law\/cessation-activite-exploitant-agricole\/#breadcrumb\",\"itemListElement\":[{\"@type\":\"ListItem\",\"position\":1,\"name\":\"Accueil\",\"item\":\"https:\/\/abeille.law\/en\/\"},{\"@type\":\"ListItem\",\"position\":2,\"name\":\"Exploitants agricoles : faut-il cesser son activit\u00e9 pour devenir retrait\u00e9 ?\"}]},{\"@type\":\"WebSite\",\"@id\":\"https:\/\/abeille.law\/#website\",\"url\":\"https:\/\/abeille.law\/\",\"name\":\"Abeille Avocats\",\"description\":\"\",\"alternateName\":\"Abeille Avocats\",\"potentialAction\":[{\"@type\":\"SearchAction\",\"target\":{\"@type\":\"EntryPoint\",\"urlTemplate\":\"https:\/\/abeille.law\/?s={search_term_string}\"},\"query-input\":{\"@type\":\"PropertyValueSpecification\",\"valueRequired\":true,\"valueName\":\"search_term_string\"}}],\"inLanguage\":\"en-US\"},{\"@type\":\"Person\",\"@id\":\"https:\/\/abeille.law\/#\/schema\/person\/e4542ce115cbaffa18678384edb2ff3a\",\"name\":\"abeille\",\"image\":{\"@type\":\"ImageObject\",\"inLanguage\":\"en-US\",\"@id\":\"https:\/\/abeille.law\/#\/schema\/person\/image\/\",\"url\":\"https:\/\/abeille.law\/wp-content\/litespeed\/avatar\/2fb2fba12ee04aaa181ee5a23ebd4173.jpg?ver=1776946692\",\"contentUrl\":\"https:\/\/abeille.law\/wp-content\/litespeed\/avatar\/2fb2fba12ee04aaa181ee5a23ebd4173.jpg?ver=1776946692\",\"caption\":\"abeille\"},\"sameAs\":[\"http:\/\/abeille.test\"]}]}<\/script>\n<!-- \/ Yoast SEO plugin. -->","yoast_head_json":{"title":"Exploitants agricoles : faut-il cesser son activit\u00e9 pour devenir retrait\u00e9 ? | Abeille Avocats","robots":{"index":"index","follow":"follow","max-snippet":"max-snippet:-1","max-image-preview":"max-image-preview:large","max-video-preview":"max-video-preview:-1"},"canonical":"https:\/\/abeille.law\/cessation-activite-exploitant-agricole\/","og_locale":"en_US","og_type":"article","og_title":"Exploitants agricoles : faut-il cesser son activit\u00e9 pour devenir retrait\u00e9 ? | Abeille Avocats","og_description":"Pour percevoir leur pension de retraite, les exploitants agricoles doivent cesser d&eacute;finitivement leur activit&eacute; professionnelle. Une r&egrave;gle destin&eacute;e &agrave; faciliter l&rsquo;installation des jeunes agriculteurs.","og_url":"https:\/\/abeille.law\/cessation-activite-exploitant-agricole\/","og_site_name":"Abeille Avocats","article_published_time":"2019-04-16T00:00:00+00:00","author":"abeille","twitter_card":"summary_large_image","twitter_misc":{"Written by":"abeille","Est. reading time":"2 minutes"},"schema":{"@context":"https:\/\/schema.org","@graph":[{"@type":"Article","@id":"https:\/\/abeille.law\/cessation-activite-exploitant-agricole\/#article","isPartOf":{"@id":"https:\/\/abeille.law\/cessation-activite-exploitant-agricole\/"},"author":{"name":"abeille","@id":"https:\/\/abeille.law\/#\/schema\/person\/e4542ce115cbaffa18678384edb2ff3a"},"headline":"Exploitants agricoles : faut-il cesser son activit\u00e9 pour devenir retrait\u00e9 ?","datePublished":"2019-04-16T00:00:00+00:00","mainEntityOfPage":{"@id":"https:\/\/abeille.law\/cessation-activite-exploitant-agricole\/"},"wordCount":426,"commentCount":0,"articleSection":["Juridiques"],"inLanguage":"en-US","potentialAction":[{"@type":"CommentAction","name":"Comment","target":["https:\/\/abeille.law\/cessation-activite-exploitant-agricole\/#respond"]}]},{"@type":"WebPage","@id":"https:\/\/abeille.law\/cessation-activite-exploitant-agricole\/","url":"https:\/\/abeille.law\/cessation-activite-exploitant-agricole\/","name":"Exploitants agricoles : faut-il cesser son activit\u00e9 pour devenir retrait\u00e9 ? | Abeille Avocats","isPartOf":{"@id":"https:\/\/abeille.law\/#website"},"datePublished":"2019-04-16T00:00:00+00:00","author":{"@id":"https:\/\/abeille.law\/#\/schema\/person\/e4542ce115cbaffa18678384edb2ff3a"},"breadcrumb":{"@id":"https:\/\/abeille.law\/cessation-activite-exploitant-agricole\/#breadcrumb"},"inLanguage":"en-US","potentialAction":[{"@type":"ReadAction","target":["https:\/\/abeille.law\/cessation-activite-exploitant-agricole\/"]}]},{"@type":"BreadcrumbList","@id":"https:\/\/abeille.law\/cessation-activite-exploitant-agricole\/#breadcrumb","itemListElement":[{"@type":"ListItem","position":1,"name":"Accueil","item":"https:\/\/abeille.law\/en\/"},{"@type":"ListItem","position":2,"name":"Exploitants agricoles : faut-il cesser son activit\u00e9 pour devenir retrait\u00e9 ?"}]},{"@type":"WebSite","@id":"https:\/\/abeille.law\/#website","url":"https:\/\/abeille.law\/","name":"Abeille Avocats","description":"","alternateName":"Abeille Avocats","potentialAction":[{"@type":"SearchAction","target":{"@type":"EntryPoint","urlTemplate":"https:\/\/abeille.law\/?s={search_term_string}"},"query-input":{"@type":"PropertyValueSpecification","valueRequired":true,"valueName":"search_term_string"}}],"inLanguage":"en-US"},{"@type":"Person","@id":"https:\/\/abeille.law\/#\/schema\/person\/e4542ce115cbaffa18678384edb2ff3a","name":"abeille","image":{"@type":"ImageObject","inLanguage":"en-US","@id":"https:\/\/abeille.law\/#\/schema\/person\/image\/","url":"https:\/\/abeille.law\/wp-content\/litespeed\/avatar\/2fb2fba12ee04aaa181ee5a23ebd4173.jpg?ver=1776946692","contentUrl":"https:\/\/abeille.law\/wp-content\/litespeed\/avatar\/2fb2fba12ee04aaa181ee5a23ebd4173.jpg?ver=1776946692","caption":"abeille"},"sameAs":["http:\/\/abeille.test"]}]}},"_links":{"self":[{"href":"https:\/\/abeille.law\/en\/wp-json\/wp\/v2\/posts\/9787","targetHints":{"allow":["GET"]}}],"collection":[{"href":"https:\/\/abeille.law\/en\/wp-json\/wp\/v2\/posts"}],"about":[{"href":"https:\/\/abeille.law\/en\/wp-json\/wp\/v2\/types\/post"}],"author":[{"embeddable":true,"href":"https:\/\/abeille.law\/en\/wp-json\/wp\/v2\/users\/1"}],"replies":[{"embeddable":true,"href":"https:\/\/abeille.law\/en\/wp-json\/wp\/v2\/comments?post=9787"}],"version-history":[{"count":0,"href":"https:\/\/abeille.law\/en\/wp-json\/wp\/v2\/posts\/9787\/revisions"}],"wp:attachment":[{"href":"https:\/\/abeille.law\/en\/wp-json\/wp\/v2\/media?parent=9787"}],"wp:term":[{"taxonomy":"category","embeddable":true,"href":"https:\/\/abeille.law\/en\/wp-json\/wp\/v2\/categories?post=9787"},{"taxonomy":"post_tag","embeddable":true,"href":"https:\/\/abeille.law\/en\/wp-json\/wp\/v2\/tags?post=9787"}],"curies":[{"name":"wp","href":"https:\/\/api.w.org\/{rel}","templated":true}]}}