{"id":9770,"date":"2019-04-08T00:00:00","date_gmt":"2019-04-08T00:00:00","guid":{"rendered":"https:\/\/abeille-preprod.eliott-markus.cloud\/delegation-pouvoir-association\/"},"modified":"2019-04-08T00:00:00","modified_gmt":"2019-04-08T00:00:00","slug":"delegation-pouvoir-association","status":"publish","type":"post","link":"https:\/\/abeille.law\/en\/delegation-pouvoir-association\/","title":{"rendered":"D\u00e9l\u00e9gation du pouvoir de licencier dans une association"},"content":{"rendered":"<p>La directrice d\u2019une association ne peut <strong>licencier un salari\u00e9<\/strong> que si elle a re\u00e7u une d\u00e9l\u00e9gation de pouvoirs expresse de la pr\u00e9sidente de la structure.<\/p>\n<p>Dans une association, le pouvoir de licencier un salari\u00e9 rel\u00e8ve de la comp\u00e9tence de son pr\u00e9sident, sauf si les statuts attribuent cette comp\u00e9tence \u00e0 un autre organe. Le pr\u00e9sident de l\u2019association, ou \u00e9ventuellement l\u2019organe d\u00e9sign\u00e9 dans les statuts, peuvent d\u00e9l\u00e9guer cette pr\u00e9rogative. Mais cette d\u00e9l\u00e9gation de pouvoirs doit \u00eatre expresse, comme vient de le rappeler la <a title=\"Legifrance | Arr\u00eat de la cour de cassation\" href=\"https:\/\/www.legifrance.gouv.fr\/affichJuriJudi.do?oldAction=rechJuriJudi&#038;idTexte=JURITEXT000038238800&#038;fastReqId=608285733&#038;fastPos=1\" target=\"_blank\" rel=\"noopener\">Cour de cassation<\/a> !<\/p>\n<p>Dans cette affaire, une salari\u00e9e, licenci\u00e9e pour faute grave, avait contest\u00e9 son licenciement au motif que la lettre avait \u00e9t\u00e9 sign\u00e9e par la directrice de l\u2019association. Or pour la salari\u00e9e, cette derni\u00e8re n\u2019\u00e9tait pas comp\u00e9tente puisque son licenciement aurait d\u00fb \u00eatre prononc\u00e9 par la pr\u00e9sidente de l\u2019association.<\/p>\n<p>La cour d\u2019appel a d\u00e9cid\u00e9 que la directrice de l\u2019association \u00e9tait comp\u00e9tente pour signer la lettre de licenciement. En effet, l\u2019entretien pr\u00e9alable de la salari\u00e9e s\u2019\u00e9tait d\u00e9roul\u00e9 en pr\u00e9sence de la pr\u00e9sidente de l\u2019association et de sa directrice et la pr\u00e9sidente avait donn\u00e9 mandat \u00e0 la directrice de proc\u00e9der au licenciement de la salari\u00e9e, comme la directrice avait mandat pour la recruter et signer son contrat de travail.<\/p>\n<p>Mais selon la Cour de cassation, pour d\u00e9terminer si la directrice de l\u2019association avait le pouvoir de licencier la salari\u00e9e, les juges de la cour d\u2019appel auraient d\u00fb v\u00e9rifier si elle avait re\u00e7u une <strong>d\u00e9l\u00e9gation de pouvoirs<\/strong> de la part de la pr\u00e9sidente de l\u2019association.<\/p>\n<blockquote><p>Pour plus d&#8217;informations, n&#8217;h\u00e9sitez pas \u00e0 <a title=\"Contactez-nous\" href=\"fr\/contact\">contacter le cabinet<\/a> Abeille &#038; Associ\u00e9s.<\/p><\/blockquote>\n<p>\u00a0<\/p>\n<p><span style=\"font-size: 8pt;\"><cite class=\"reference\">Article publi\u00e9 le\u00a0<time>08 avril 2019<\/time>\u00a0&#8211;\u00a0\u00a9\u00a0\u00a0Les Echos Publishing\u00a0&#8211;\u00a02019<\/cite><\/span><\/p>\n","protected":false},"excerpt":{"rendered":"<p>La directrice d\u2019une association ne peut licencier un salari\u00e9 que si elle a re\u00e7u une d\u00e9l\u00e9gation de pouvoirs expresse de la pr\u00e9sidente de la structure. Dans une association, le pouvoir de licencier un salari\u00e9 rel\u00e8ve de la comp\u00e9tence de son pr\u00e9sident, sauf si les statuts attribuent cette comp\u00e9tence \u00e0 un autre organe. Le pr\u00e9sident de [&hellip;]<\/p>\n","protected":false},"author":1,"featured_media":0,"comment_status":"open","ping_status":"open","sticky":false,"template":"","format":"standard","meta":{"_acf_changed":false,"footnotes":""},"categories":[190],"tags":[],"class_list":["post-9770","post","type-post","status-publish","format-standard","hentry","category-juridiques"],"acf":[],"yoast_head":"<!-- This site is optimized with the Yoast SEO plugin v27.1.1 - https:\/\/yoast.com\/product\/yoast-seo-wordpress\/ -->\n<title>D\u00e9l\u00e9gation du pouvoir de licencier dans une association | Abeille Avocats<\/title>\n<meta name=\"robots\" content=\"index, follow, max-snippet:-1, max-image-preview:large, max-video-preview:-1\" \/>\n<link rel=\"canonical\" href=\"https:\/\/abeille.law\/delegation-pouvoir-association\/\" \/>\n<meta property=\"og:locale\" content=\"en_US\" \/>\n<meta property=\"og:type\" content=\"article\" \/>\n<meta property=\"og:title\" content=\"D\u00e9l\u00e9gation du pouvoir de licencier dans une association | Abeille Avocats\" \/>\n<meta property=\"og:description\" content=\"La directrice d\u2019une association ne peut licencier un salari\u00e9 que si elle a re\u00e7u une d\u00e9l\u00e9gation de pouvoirs expresse de la pr\u00e9sidente de la structure. Dans une association, le pouvoir de licencier un salari\u00e9 rel\u00e8ve de la comp\u00e9tence de son pr\u00e9sident, sauf si les statuts attribuent cette comp\u00e9tence \u00e0 un autre organe. Le pr\u00e9sident de [&hellip;]\" \/>\n<meta property=\"og:url\" content=\"https:\/\/abeille.law\/delegation-pouvoir-association\/\" \/>\n<meta property=\"og:site_name\" content=\"Abeille Avocats\" \/>\n<meta property=\"article:published_time\" content=\"2019-04-08T00:00:00+00:00\" \/>\n<meta name=\"author\" content=\"abeille\" \/>\n<meta name=\"twitter:card\" content=\"summary_large_image\" \/>\n<meta name=\"twitter:label1\" content=\"Written by\" \/>\n\t<meta name=\"twitter:data1\" content=\"abeille\" \/>\n\t<meta name=\"twitter:label2\" content=\"Est. reading time\" \/>\n\t<meta name=\"twitter:data2\" content=\"2 minutes\" \/>\n<script type=\"application\/ld+json\" class=\"yoast-schema-graph\">{\"@context\":\"https:\/\/schema.org\",\"@graph\":[{\"@type\":\"Article\",\"@id\":\"https:\/\/abeille.law\/delegation-pouvoir-association\/#article\",\"isPartOf\":{\"@id\":\"https:\/\/abeille.law\/delegation-pouvoir-association\/\"},\"author\":{\"name\":\"abeille\",\"@id\":\"https:\/\/abeille.law\/#\/schema\/person\/e4542ce115cbaffa18678384edb2ff3a\"},\"headline\":\"D\u00e9l\u00e9gation du pouvoir de licencier dans une association\",\"datePublished\":\"2019-04-08T00:00:00+00:00\",\"mainEntityOfPage\":{\"@id\":\"https:\/\/abeille.law\/delegation-pouvoir-association\/\"},\"wordCount\":328,\"commentCount\":0,\"articleSection\":[\"Juridiques\"],\"inLanguage\":\"en-US\",\"potentialAction\":[{\"@type\":\"CommentAction\",\"name\":\"Comment\",\"target\":[\"https:\/\/abeille.law\/delegation-pouvoir-association\/#respond\"]}]},{\"@type\":\"WebPage\",\"@id\":\"https:\/\/abeille.law\/delegation-pouvoir-association\/\",\"url\":\"https:\/\/abeille.law\/delegation-pouvoir-association\/\",\"name\":\"D\u00e9l\u00e9gation du pouvoir de licencier dans une association | Abeille Avocats\",\"isPartOf\":{\"@id\":\"https:\/\/abeille.law\/#website\"},\"datePublished\":\"2019-04-08T00:00:00+00:00\",\"author\":{\"@id\":\"https:\/\/abeille.law\/#\/schema\/person\/e4542ce115cbaffa18678384edb2ff3a\"},\"breadcrumb\":{\"@id\":\"https:\/\/abeille.law\/delegation-pouvoir-association\/#breadcrumb\"},\"inLanguage\":\"en-US\",\"potentialAction\":[{\"@type\":\"ReadAction\",\"target\":[\"https:\/\/abeille.law\/delegation-pouvoir-association\/\"]}]},{\"@type\":\"BreadcrumbList\",\"@id\":\"https:\/\/abeille.law\/delegation-pouvoir-association\/#breadcrumb\",\"itemListElement\":[{\"@type\":\"ListItem\",\"position\":1,\"name\":\"Accueil\",\"item\":\"https:\/\/abeille.law\/en\/\"},{\"@type\":\"ListItem\",\"position\":2,\"name\":\"D\u00e9l\u00e9gation du pouvoir de licencier dans une association\"}]},{\"@type\":\"WebSite\",\"@id\":\"https:\/\/abeille.law\/#website\",\"url\":\"https:\/\/abeille.law\/\",\"name\":\"Abeille Avocats\",\"description\":\"\",\"alternateName\":\"Abeille Avocats\",\"potentialAction\":[{\"@type\":\"SearchAction\",\"target\":{\"@type\":\"EntryPoint\",\"urlTemplate\":\"https:\/\/abeille.law\/?s={search_term_string}\"},\"query-input\":{\"@type\":\"PropertyValueSpecification\",\"valueRequired\":true,\"valueName\":\"search_term_string\"}}],\"inLanguage\":\"en-US\"},{\"@type\":\"Person\",\"@id\":\"https:\/\/abeille.law\/#\/schema\/person\/e4542ce115cbaffa18678384edb2ff3a\",\"name\":\"abeille\",\"image\":{\"@type\":\"ImageObject\",\"inLanguage\":\"en-US\",\"@id\":\"https:\/\/abeille.law\/#\/schema\/person\/image\/\",\"url\":\"https:\/\/abeille.law\/wp-content\/litespeed\/avatar\/2fb2fba12ee04aaa181ee5a23ebd4173.jpg?ver=1777551493\",\"contentUrl\":\"https:\/\/abeille.law\/wp-content\/litespeed\/avatar\/2fb2fba12ee04aaa181ee5a23ebd4173.jpg?ver=1777551493\",\"caption\":\"abeille\"},\"sameAs\":[\"http:\/\/abeille.test\"]}]}<\/script>\n<!-- \/ Yoast SEO plugin. -->","yoast_head_json":{"title":"D\u00e9l\u00e9gation du pouvoir de licencier dans une association | Abeille Avocats","robots":{"index":"index","follow":"follow","max-snippet":"max-snippet:-1","max-image-preview":"max-image-preview:large","max-video-preview":"max-video-preview:-1"},"canonical":"https:\/\/abeille.law\/delegation-pouvoir-association\/","og_locale":"en_US","og_type":"article","og_title":"D\u00e9l\u00e9gation du pouvoir de licencier dans une association | Abeille Avocats","og_description":"La directrice d\u2019une association ne peut licencier un salari\u00e9 que si elle a re\u00e7u une d\u00e9l\u00e9gation de pouvoirs expresse de la pr\u00e9sidente de la structure. Dans une association, le pouvoir de licencier un salari\u00e9 rel\u00e8ve de la comp\u00e9tence de son pr\u00e9sident, sauf si les statuts attribuent cette comp\u00e9tence \u00e0 un autre organe. Le pr\u00e9sident de [&hellip;]","og_url":"https:\/\/abeille.law\/delegation-pouvoir-association\/","og_site_name":"Abeille Avocats","article_published_time":"2019-04-08T00:00:00+00:00","author":"abeille","twitter_card":"summary_large_image","twitter_misc":{"Written by":"abeille","Est. reading time":"2 minutes"},"schema":{"@context":"https:\/\/schema.org","@graph":[{"@type":"Article","@id":"https:\/\/abeille.law\/delegation-pouvoir-association\/#article","isPartOf":{"@id":"https:\/\/abeille.law\/delegation-pouvoir-association\/"},"author":{"name":"abeille","@id":"https:\/\/abeille.law\/#\/schema\/person\/e4542ce115cbaffa18678384edb2ff3a"},"headline":"D\u00e9l\u00e9gation du pouvoir de licencier dans une association","datePublished":"2019-04-08T00:00:00+00:00","mainEntityOfPage":{"@id":"https:\/\/abeille.law\/delegation-pouvoir-association\/"},"wordCount":328,"commentCount":0,"articleSection":["Juridiques"],"inLanguage":"en-US","potentialAction":[{"@type":"CommentAction","name":"Comment","target":["https:\/\/abeille.law\/delegation-pouvoir-association\/#respond"]}]},{"@type":"WebPage","@id":"https:\/\/abeille.law\/delegation-pouvoir-association\/","url":"https:\/\/abeille.law\/delegation-pouvoir-association\/","name":"D\u00e9l\u00e9gation du pouvoir de licencier dans une association | Abeille Avocats","isPartOf":{"@id":"https:\/\/abeille.law\/#website"},"datePublished":"2019-04-08T00:00:00+00:00","author":{"@id":"https:\/\/abeille.law\/#\/schema\/person\/e4542ce115cbaffa18678384edb2ff3a"},"breadcrumb":{"@id":"https:\/\/abeille.law\/delegation-pouvoir-association\/#breadcrumb"},"inLanguage":"en-US","potentialAction":[{"@type":"ReadAction","target":["https:\/\/abeille.law\/delegation-pouvoir-association\/"]}]},{"@type":"BreadcrumbList","@id":"https:\/\/abeille.law\/delegation-pouvoir-association\/#breadcrumb","itemListElement":[{"@type":"ListItem","position":1,"name":"Accueil","item":"https:\/\/abeille.law\/en\/"},{"@type":"ListItem","position":2,"name":"D\u00e9l\u00e9gation du pouvoir de licencier dans une association"}]},{"@type":"WebSite","@id":"https:\/\/abeille.law\/#website","url":"https:\/\/abeille.law\/","name":"Abeille Avocats","description":"","alternateName":"Abeille Avocats","potentialAction":[{"@type":"SearchAction","target":{"@type":"EntryPoint","urlTemplate":"https:\/\/abeille.law\/?s={search_term_string}"},"query-input":{"@type":"PropertyValueSpecification","valueRequired":true,"valueName":"search_term_string"}}],"inLanguage":"en-US"},{"@type":"Person","@id":"https:\/\/abeille.law\/#\/schema\/person\/e4542ce115cbaffa18678384edb2ff3a","name":"abeille","image":{"@type":"ImageObject","inLanguage":"en-US","@id":"https:\/\/abeille.law\/#\/schema\/person\/image\/","url":"https:\/\/abeille.law\/wp-content\/litespeed\/avatar\/2fb2fba12ee04aaa181ee5a23ebd4173.jpg?ver=1777551493","contentUrl":"https:\/\/abeille.law\/wp-content\/litespeed\/avatar\/2fb2fba12ee04aaa181ee5a23ebd4173.jpg?ver=1777551493","caption":"abeille"},"sameAs":["http:\/\/abeille.test"]}]}},"_links":{"self":[{"href":"https:\/\/abeille.law\/en\/wp-json\/wp\/v2\/posts\/9770","targetHints":{"allow":["GET"]}}],"collection":[{"href":"https:\/\/abeille.law\/en\/wp-json\/wp\/v2\/posts"}],"about":[{"href":"https:\/\/abeille.law\/en\/wp-json\/wp\/v2\/types\/post"}],"author":[{"embeddable":true,"href":"https:\/\/abeille.law\/en\/wp-json\/wp\/v2\/users\/1"}],"replies":[{"embeddable":true,"href":"https:\/\/abeille.law\/en\/wp-json\/wp\/v2\/comments?post=9770"}],"version-history":[{"count":0,"href":"https:\/\/abeille.law\/en\/wp-json\/wp\/v2\/posts\/9770\/revisions"}],"wp:attachment":[{"href":"https:\/\/abeille.law\/en\/wp-json\/wp\/v2\/media?parent=9770"}],"wp:term":[{"taxonomy":"category","embeddable":true,"href":"https:\/\/abeille.law\/en\/wp-json\/wp\/v2\/categories?post=9770"},{"taxonomy":"post_tag","embeddable":true,"href":"https:\/\/abeille.law\/en\/wp-json\/wp\/v2\/tags?post=9770"}],"curies":[{"name":"wp","href":"https:\/\/api.w.org\/{rel}","templated":true}]}}