{"id":9765,"date":"2019-03-14T00:00:00","date_gmt":"2019-03-14T00:00:00","guid":{"rendered":"https:\/\/abeille-preprod.eliott-markus.cloud\/baisse-impot-societes\/"},"modified":"2019-03-14T00:00:00","modified_gmt":"2019-03-14T00:00:00","slug":"baisse-impot-societes","status":"publish","type":"post","link":"https:\/\/abeille.law\/en\/baisse-impot-societes\/","title":{"rendered":"Du changement dans la trajectoire de baisse de l\u2019imp\u00f4t sur les soci\u00e9t\u00e9s"},"content":{"rendered":"<p>En\u00a02018, le taux normal de l\u2019<strong>imp\u00f4t sur les soci\u00e9t\u00e9s<\/strong> \u00e9tait fix\u00e9, pour toutes les entreprises, \u00e0 28\u00a0% sur la fraction de leur b\u00e9n\u00e9fice inf\u00e9rieure \u00e0 500\u00a0000\u00a0\u20ac et \u00e0 33,1\/3\u00a0% au-del\u00e0 de cette limite.<\/p>\n<p>\u00c0 compter de\u00a02019, ce taux devait \u00eatre maintenu \u00e0 28\u00a0% pour la m\u00eame tranche de b\u00e9n\u00e9fice et r\u00e9duit \u00e0 31\u00a0% pour la fraction exc\u00e9dant 500\u00a0000\u00a0\u20ac.<\/p>\n<p>Mais un projet de loi pr\u00e9voit de revenir sur cette trajectoire de baisse afin de contribuer au <strong>financement des mesures d\u2019urgence<\/strong> prises en faveur du pouvoir d\u2019achat des Fran\u00e7ais. Ainsi, pour les exercices ouverts en\u00a02019, le taux normal de l\u2019imp\u00f4t sur les soci\u00e9t\u00e9s serait finalement toujours de 33,1\/3\u00a0% pour la fraction de b\u00e9n\u00e9fices exc\u00e9dant 500\u00a0000\u00a0\u20ac, mais pour les seules entreprises r\u00e9alisant un chiffre d\u2019affaires sup\u00e9rieur ou \u00e9gal \u00e0 250\u00a0M\u20ac. En revanche, le taux de 31\u00a0% serait conserv\u00e9 pour celles dont le chiffre d\u2019affaires est inf\u00e9rieur \u00e0 ce seuil. Quant au taux de 28\u00a0% concernant la fraction de b\u00e9n\u00e9fices inf\u00e9rieure ou \u00e9gale \u00e0 500\u00a0000\u00a0\u20ac, il resterait inchang\u00e9 pour toutes les entreprises.<\/p>\n<section>\n<ul>\n<li>\u00c0 noter :\u00a0cette modification s\u2019appliquerait aux exercices clos \u00e0 compter du 6\u00a0mars\u00a02019.<\/li>\n<\/ul>\n<\/section>\n<p>Le projet de loi ne revient pas sur la suite de la trajectoire de baisse de l\u2019imp\u00f4t sur les soci\u00e9t\u00e9s. Celle-ci se poursuivra donc en\u00a02020 avec un taux qui s\u2019\u00e9tablira \u00e0 28\u00a0% pour toutes les entreprises, quel que soit le montant de leur b\u00e9n\u00e9fice, puis en\u00a02021 avec un taux ramen\u00e9 \u00e0 26,5\u00a0%, et s\u2019ach\u00e8vera \u00e0 compter de\u00a02022 par un taux de 25\u00a0%.<\/p>\n<section>\n<ul>\n<li>Pr\u00e9cision :\u00a0un <strong>taux r\u00e9duit<\/strong> de 15\u00a0%, jusqu\u2019\u00e0 38\u00a0120\u00a0\u20ac de b\u00e9n\u00e9fice, s\u2019applique aux entreprises dont le chiffre d\u2019affaires n\u2019exc\u00e8de pas 7,63\u00a0M\u20ac.<\/li>\n<\/ul>\n<\/section>\n<p>Voici un tableau r\u00e9capitulatif de la baisse de l\u2019imp\u00f4t sur les <a title=\"Abeille &#038; Associ\u00e9s | Droit des affaires\" href=\"fr\/domaines-competences\/droit-affaires-contrats-societe\">soci\u00e9t\u00e9s<\/a> compte tenu de la modification pr\u00e9vue dans le projet de loi.<\/p>\n<table class=\"table table-striped table-hover\" border=\"1\">\n<caption><span class=\"caption\">Baisse progressive de l\u2019imp\u00f4t sur les soci\u00e9t\u00e9s<\/span><\/caption>\n<thead>\n<tr>\n<th class=\"titre valign-middle textalign-center\" colspan=\"1\" rowspan=\"1\">Exercices ouverts \u00e0 compter de<\/th>\n<th class=\"titre valign-middle textalign-center\" colspan=\"1\" rowspan=\"1\">Taux<\/th>\n<\/tr>\n<\/thead>\n<tbody>\n<tr>\n<td class=\"texte2 valign-middle textalign-left\" colspan=\"1\" rowspan=\"1\">2018<\/td>\n<td class=\"texte2 valign-middle textalign-left\" colspan=\"1\" rowspan=\"1\">&#8211; 28\u00a0% jusqu\u2019\u00e0 500\u00a0000\u00a0\u20ac de b\u00e9n\u00e9fice<br \/>&#8211; 33,1\/3\u00a0% au-del\u00e0 de 500\u00a0000\u00a0\u20ac<\/td>\n<\/tr>\n<tr>\n<td class=\"texte1 valign-middle textalign-left\" colspan=\"1\" rowspan=\"1\">2019<\/td>\n<td class=\"texte1 valign-middle textalign-left\" colspan=\"1\" rowspan=\"1\">&#8211; 28\u00a0% jusqu\u2019\u00e0 500\u00a0000\u00a0\u20ac de b\u00e9n\u00e9fice<br \/>&#8211; 31\u00a0% au-del\u00e0 de 500\u00a0000\u00a0\u20ac si CA\u00a0<\u00a0250\u00a0M\u20ac<br \/>&#8211; 33,1\/3\u00a0% au-del\u00e0 de 500\u00a0000\u00a0\u20ac si CA\u00a0\u2265\u00a0250\u00a0M\u20ac<\/td>\n<\/tr>\n<tr>\n<td class=\"texte2 valign-middle textalign-left\" colspan=\"1\" rowspan=\"1\">2020<\/td>\n<td class=\"texte2 valign-middle textalign-left\" colspan=\"1\" rowspan=\"1\">28\u00a0%<\/td>\n<\/tr>\n<tr>\n<td class=\"texte1 valign-middle textalign-left\" colspan=\"1\" rowspan=\"1\">2021<\/td>\n<td class=\"texte1 valign-middle textalign-left\" colspan=\"1\" rowspan=\"1\">26,5\u00a0%<\/td>\n<\/tr>\n<tr>\n<td class=\"texte2 valign-middle textalign-left\" colspan=\"1\" rowspan=\"1\">2022<\/td>\n<td class=\"texte2 valign-middle textalign-left\" colspan=\"1\" rowspan=\"1\">25\u00a0%<\/td>\n<\/tr>\n<\/tbody>\n<\/table>\n<p><a title=\"Assembl\u00e9e nationale | Art. 2 n\u00b01737\" href=\"http:\/\/www.assemblee-nationale.fr\/15\/pdf\/projets\/pl1737.pdf\" target=\"_blank\" rel=\"noopener\">D\u00e9couvrez l&#8217;Article 2<\/a>, &#8220;projet de loi portant cr\u00e9ation d\u2019une taxe sur les services num\u00e9riques et modification de la trajectoire de baisse de l\u2019imp\u00f4t sur les soci\u00e9t\u00e9s&#8221;, n\u00b0\u00a01737, enregistr\u00e9 \u00e0 l\u2019Assembl\u00e9e nationale le 6\u00a0mars\u00a02019<\/p>\n<p><span style=\"font-size: 8pt;\"><cite class=\"reference\">Article publi\u00e9 le\u00a0<time>14 mars 2019<\/time>\u00a0&#8211;\u00a0\u00a9\u00a0\u00a0Les Echos Publishing\u00a0&#8211;\u00a02019<\/cite><\/span><\/p>\n","protected":false},"excerpt":{"rendered":"<p>Contrairement &agrave; ce qui &eacute;tait pr&eacute;vu, toutes les entreprises ne b&eacute;n&eacute;ficieront pas de la baisse de l&rsquo;imp&ocirc;t sur les soci&eacute;t&eacute;s en&nbsp;2019.<\/p>\n","protected":false},"author":1,"featured_media":0,"comment_status":"open","ping_status":"open","sticky":false,"template":"","format":"standard","meta":{"_acf_changed":false,"footnotes":""},"categories":[190],"tags":[],"class_list":["post-9765","post","type-post","status-publish","format-standard","hentry","category-juridiques"],"acf":[],"yoast_head":"<!-- This site is optimized with the Yoast SEO plugin v27.1.1 - https:\/\/yoast.com\/product\/yoast-seo-wordpress\/ -->\n<title>Du changement dans la trajectoire de baisse de l\u2019imp\u00f4t sur les soci\u00e9t\u00e9s | Abeille Avocats<\/title>\n<meta name=\"robots\" content=\"index, follow, max-snippet:-1, max-image-preview:large, max-video-preview:-1\" \/>\n<link rel=\"canonical\" href=\"https:\/\/abeille.law\/baisse-impot-societes\/\" \/>\n<meta property=\"og:locale\" content=\"en_US\" \/>\n<meta property=\"og:type\" content=\"article\" \/>\n<meta property=\"og:title\" content=\"Du changement dans la trajectoire de baisse de l\u2019imp\u00f4t sur les soci\u00e9t\u00e9s | Abeille Avocats\" \/>\n<meta property=\"og:description\" content=\"Contrairement &agrave; ce qui &eacute;tait pr&eacute;vu, toutes les entreprises ne b&eacute;n&eacute;ficieront pas de la baisse de l&rsquo;imp&ocirc;t sur les soci&eacute;t&eacute;s en&nbsp;2019.\" \/>\n<meta property=\"og:url\" content=\"https:\/\/abeille.law\/baisse-impot-societes\/\" \/>\n<meta property=\"og:site_name\" content=\"Abeille Avocats\" \/>\n<meta property=\"article:published_time\" content=\"2019-03-14T00:00:00+00:00\" \/>\n<meta name=\"author\" content=\"abeille\" \/>\n<meta name=\"twitter:card\" content=\"summary_large_image\" \/>\n<meta name=\"twitter:label1\" content=\"Written by\" \/>\n\t<meta name=\"twitter:data1\" content=\"abeille\" \/>\n\t<meta name=\"twitter:label2\" content=\"Est. reading time\" \/>\n\t<meta name=\"twitter:data2\" content=\"2 minutes\" \/>\n<script type=\"application\/ld+json\" class=\"yoast-schema-graph\">{\"@context\":\"https:\/\/schema.org\",\"@graph\":[{\"@type\":\"Article\",\"@id\":\"https:\/\/abeille.law\/baisse-impot-societes\/#article\",\"isPartOf\":{\"@id\":\"https:\/\/abeille.law\/baisse-impot-societes\/\"},\"author\":{\"name\":\"abeille\",\"@id\":\"https:\/\/abeille.law\/#\/schema\/person\/e4542ce115cbaffa18678384edb2ff3a\"},\"headline\":\"Du changement dans la trajectoire de baisse de l\u2019imp\u00f4t sur les soci\u00e9t\u00e9s\",\"datePublished\":\"2019-03-14T00:00:00+00:00\",\"mainEntityOfPage\":{\"@id\":\"https:\/\/abeille.law\/baisse-impot-societes\/\"},\"wordCount\":360,\"commentCount\":0,\"articleSection\":[\"Juridiques\"],\"inLanguage\":\"en-US\",\"potentialAction\":[{\"@type\":\"CommentAction\",\"name\":\"Comment\",\"target\":[\"https:\/\/abeille.law\/baisse-impot-societes\/#respond\"]}]},{\"@type\":\"WebPage\",\"@id\":\"https:\/\/abeille.law\/baisse-impot-societes\/\",\"url\":\"https:\/\/abeille.law\/baisse-impot-societes\/\",\"name\":\"Du changement dans la trajectoire de baisse de l\u2019imp\u00f4t sur les soci\u00e9t\u00e9s | Abeille Avocats\",\"isPartOf\":{\"@id\":\"https:\/\/abeille.law\/#website\"},\"datePublished\":\"2019-03-14T00:00:00+00:00\",\"author\":{\"@id\":\"https:\/\/abeille.law\/#\/schema\/person\/e4542ce115cbaffa18678384edb2ff3a\"},\"breadcrumb\":{\"@id\":\"https:\/\/abeille.law\/baisse-impot-societes\/#breadcrumb\"},\"inLanguage\":\"en-US\",\"potentialAction\":[{\"@type\":\"ReadAction\",\"target\":[\"https:\/\/abeille.law\/baisse-impot-societes\/\"]}]},{\"@type\":\"BreadcrumbList\",\"@id\":\"https:\/\/abeille.law\/baisse-impot-societes\/#breadcrumb\",\"itemListElement\":[{\"@type\":\"ListItem\",\"position\":1,\"name\":\"Accueil\",\"item\":\"https:\/\/abeille.law\/en\/\"},{\"@type\":\"ListItem\",\"position\":2,\"name\":\"Du changement dans la trajectoire de baisse de l\u2019imp\u00f4t sur les soci\u00e9t\u00e9s\"}]},{\"@type\":\"WebSite\",\"@id\":\"https:\/\/abeille.law\/#website\",\"url\":\"https:\/\/abeille.law\/\",\"name\":\"Abeille Avocats\",\"description\":\"\",\"alternateName\":\"Abeille Avocats\",\"potentialAction\":[{\"@type\":\"SearchAction\",\"target\":{\"@type\":\"EntryPoint\",\"urlTemplate\":\"https:\/\/abeille.law\/?s={search_term_string}\"},\"query-input\":{\"@type\":\"PropertyValueSpecification\",\"valueRequired\":true,\"valueName\":\"search_term_string\"}}],\"inLanguage\":\"en-US\"},{\"@type\":\"Person\",\"@id\":\"https:\/\/abeille.law\/#\/schema\/person\/e4542ce115cbaffa18678384edb2ff3a\",\"name\":\"abeille\",\"image\":{\"@type\":\"ImageObject\",\"inLanguage\":\"en-US\",\"@id\":\"https:\/\/abeille.law\/#\/schema\/person\/image\/\",\"url\":\"https:\/\/abeille.law\/wp-content\/litespeed\/avatar\/2fb2fba12ee04aaa181ee5a23ebd4173.jpg?ver=1776946692\",\"contentUrl\":\"https:\/\/abeille.law\/wp-content\/litespeed\/avatar\/2fb2fba12ee04aaa181ee5a23ebd4173.jpg?ver=1776946692\",\"caption\":\"abeille\"},\"sameAs\":[\"http:\/\/abeille.test\"]}]}<\/script>\n<!-- \/ Yoast SEO plugin. -->","yoast_head_json":{"title":"Du changement dans la trajectoire de baisse de l\u2019imp\u00f4t sur les soci\u00e9t\u00e9s | Abeille Avocats","robots":{"index":"index","follow":"follow","max-snippet":"max-snippet:-1","max-image-preview":"max-image-preview:large","max-video-preview":"max-video-preview:-1"},"canonical":"https:\/\/abeille.law\/baisse-impot-societes\/","og_locale":"en_US","og_type":"article","og_title":"Du changement dans la trajectoire de baisse de l\u2019imp\u00f4t sur les soci\u00e9t\u00e9s | Abeille Avocats","og_description":"Contrairement &agrave; ce qui &eacute;tait pr&eacute;vu, toutes les entreprises ne b&eacute;n&eacute;ficieront pas de la baisse de l&rsquo;imp&ocirc;t sur les soci&eacute;t&eacute;s en&nbsp;2019.","og_url":"https:\/\/abeille.law\/baisse-impot-societes\/","og_site_name":"Abeille Avocats","article_published_time":"2019-03-14T00:00:00+00:00","author":"abeille","twitter_card":"summary_large_image","twitter_misc":{"Written by":"abeille","Est. reading time":"2 minutes"},"schema":{"@context":"https:\/\/schema.org","@graph":[{"@type":"Article","@id":"https:\/\/abeille.law\/baisse-impot-societes\/#article","isPartOf":{"@id":"https:\/\/abeille.law\/baisse-impot-societes\/"},"author":{"name":"abeille","@id":"https:\/\/abeille.law\/#\/schema\/person\/e4542ce115cbaffa18678384edb2ff3a"},"headline":"Du changement dans la trajectoire de baisse de l\u2019imp\u00f4t sur les soci\u00e9t\u00e9s","datePublished":"2019-03-14T00:00:00+00:00","mainEntityOfPage":{"@id":"https:\/\/abeille.law\/baisse-impot-societes\/"},"wordCount":360,"commentCount":0,"articleSection":["Juridiques"],"inLanguage":"en-US","potentialAction":[{"@type":"CommentAction","name":"Comment","target":["https:\/\/abeille.law\/baisse-impot-societes\/#respond"]}]},{"@type":"WebPage","@id":"https:\/\/abeille.law\/baisse-impot-societes\/","url":"https:\/\/abeille.law\/baisse-impot-societes\/","name":"Du changement dans la trajectoire de baisse de l\u2019imp\u00f4t sur les soci\u00e9t\u00e9s | Abeille Avocats","isPartOf":{"@id":"https:\/\/abeille.law\/#website"},"datePublished":"2019-03-14T00:00:00+00:00","author":{"@id":"https:\/\/abeille.law\/#\/schema\/person\/e4542ce115cbaffa18678384edb2ff3a"},"breadcrumb":{"@id":"https:\/\/abeille.law\/baisse-impot-societes\/#breadcrumb"},"inLanguage":"en-US","potentialAction":[{"@type":"ReadAction","target":["https:\/\/abeille.law\/baisse-impot-societes\/"]}]},{"@type":"BreadcrumbList","@id":"https:\/\/abeille.law\/baisse-impot-societes\/#breadcrumb","itemListElement":[{"@type":"ListItem","position":1,"name":"Accueil","item":"https:\/\/abeille.law\/en\/"},{"@type":"ListItem","position":2,"name":"Du changement dans la trajectoire de baisse de l\u2019imp\u00f4t sur les soci\u00e9t\u00e9s"}]},{"@type":"WebSite","@id":"https:\/\/abeille.law\/#website","url":"https:\/\/abeille.law\/","name":"Abeille Avocats","description":"","alternateName":"Abeille Avocats","potentialAction":[{"@type":"SearchAction","target":{"@type":"EntryPoint","urlTemplate":"https:\/\/abeille.law\/?s={search_term_string}"},"query-input":{"@type":"PropertyValueSpecification","valueRequired":true,"valueName":"search_term_string"}}],"inLanguage":"en-US"},{"@type":"Person","@id":"https:\/\/abeille.law\/#\/schema\/person\/e4542ce115cbaffa18678384edb2ff3a","name":"abeille","image":{"@type":"ImageObject","inLanguage":"en-US","@id":"https:\/\/abeille.law\/#\/schema\/person\/image\/","url":"https:\/\/abeille.law\/wp-content\/litespeed\/avatar\/2fb2fba12ee04aaa181ee5a23ebd4173.jpg?ver=1776946692","contentUrl":"https:\/\/abeille.law\/wp-content\/litespeed\/avatar\/2fb2fba12ee04aaa181ee5a23ebd4173.jpg?ver=1776946692","caption":"abeille"},"sameAs":["http:\/\/abeille.test"]}]}},"_links":{"self":[{"href":"https:\/\/abeille.law\/en\/wp-json\/wp\/v2\/posts\/9765","targetHints":{"allow":["GET"]}}],"collection":[{"href":"https:\/\/abeille.law\/en\/wp-json\/wp\/v2\/posts"}],"about":[{"href":"https:\/\/abeille.law\/en\/wp-json\/wp\/v2\/types\/post"}],"author":[{"embeddable":true,"href":"https:\/\/abeille.law\/en\/wp-json\/wp\/v2\/users\/1"}],"replies":[{"embeddable":true,"href":"https:\/\/abeille.law\/en\/wp-json\/wp\/v2\/comments?post=9765"}],"version-history":[{"count":0,"href":"https:\/\/abeille.law\/en\/wp-json\/wp\/v2\/posts\/9765\/revisions"}],"wp:attachment":[{"href":"https:\/\/abeille.law\/en\/wp-json\/wp\/v2\/media?parent=9765"}],"wp:term":[{"taxonomy":"category","embeddable":true,"href":"https:\/\/abeille.law\/en\/wp-json\/wp\/v2\/categories?post=9765"},{"taxonomy":"post_tag","embeddable":true,"href":"https:\/\/abeille.law\/en\/wp-json\/wp\/v2\/tags?post=9765"}],"curies":[{"name":"wp","href":"https:\/\/api.w.org\/{rel}","templated":true}]}}