{"id":9741,"date":"2019-03-15T00:00:00","date_gmt":"2019-03-15T00:00:00","guid":{"rendered":"https:\/\/abeille-preprod.eliott-markus.cloud\/age-moyen-depart-retraite\/"},"modified":"2019-03-15T00:00:00","modified_gmt":"2019-03-15T00:00:00","slug":"age-moyen-depart-retraite","status":"publish","type":"post","link":"https:\/\/abeille.law\/en\/age-moyen-depart-retraite\/","title":{"rendered":"L\u2019\u00e2ge moyen de d\u00e9part \u00e0 la retraite atteint 62,7 ans"},"content":{"rendered":"<p>\u00c0 en croire les <a title=\"Voir tous les chiffres cl\u00e9s\" href=\"https:\/\/www.lassuranceretraite.fr\/portail-info\/accueil\" target=\"_blank\" rel=\"noopener\">derniers chiffres<\/a> publi\u00e9s par la Caisse nationale d\u2019assurance vieillesse (<strong>Cnav<\/strong>), l\u2019<strong>\u00e2ge moyen de d\u00e9part \u00e0 la retraite<\/strong> (r\u00e9gime g\u00e9n\u00e9ral) en France, en\u00a02018, a augment\u00e9 pour atteindre 62,7\u00a0ans, soit 2\u00a0mois de plus qu\u2019en\u00a02017. Un \u00e2ge moyen qui a grimp\u00e9 d\u2019ailleurs \u00e0 63\u00a0ans pour les femmes. Ces derni\u00e8res devant souvent travailler davantage en raison d\u2019une carri\u00e8re professionnelle plus heurt\u00e9e que celle des hommes. L\u2019\u00e2ge moyen des retrait\u00e9s est \u00e9galement en hausse\u00a0: 74,3\u00a0ans (74,1\u00a0ans en\u00a02017).<\/p>\n<p>La Cnav nous livre d\u2019autres informations\u00a0: au 31\u00a0d\u00e9cembre\u00a02018, le nombre de retrait\u00e9s b\u00e9n\u00e9ficiant d\u2019une pension de retraite du r\u00e9gime g\u00e9n\u00e9ral s\u2019est \u00e9lev\u00e9 \u00e0 14,35\u00a0millions. Et l\u2019ann\u00e9e derni\u00e8re, le nombre de nouveaux retrait\u00e9s a augment\u00e9 de 5,3\u00a0% par rapport \u00e0\u00a02017 pour atteindre 666\u00a0423\u00a0personnes.<\/p>\n<section>\n<ul>\n<li>Pr\u00e9cision\u00a0:\u00a0les d\u00e9parts en retraite anticip\u00e9 \u00ab\u00a0longue carri\u00e8re\u00a0\u00bb ont \u00e9t\u00e9 chiffr\u00e9s \u00e0\u00a0150\u00a0049 en\u00a02018. Sachant que 98\u00a0% de ces nouveaux retrait\u00e9s ont un \u00e2ge compris entre 60\u00a0ans et 62\u00a0ans.<\/li>\n<\/ul>\n<\/section>\n<p>Par ailleurs, le montant mensuel moyen de la pension de base servi pour une carri\u00e8re compl\u00e8te au r\u00e9gime g\u00e9n\u00e9ral, en\u00a02018, est de 1\u00a0057\u00a0\u20ac (1\u00a0053\u00a0\u20ac en\u00a02017). \u00c9tant pr\u00e9cis\u00e9 qu\u2019un peu plus de 19\u00a0% des retrait\u00e9s b\u00e9n\u00e9ficient \u00e9galement d\u2019une pension de r\u00e9version.<\/p>\n<blockquote><p>Pour toutes questions, n&#8217;h\u00e9sitez pas \u00e0 <a title=\"Contactez-nous\" href=\"fr\/contact\">contacter le cabinet Abeille &#038; Associ\u00e9s Avocats<\/a>.<\/p><\/blockquote>\n<p><span style=\"font-size: 8pt;\"><cite class=\"reference\">Article publi\u00e9 le\u00a0<time>15 mars 2019<\/time>\u00a0&#8211;\u00a0\u00a9\u00a0\u00a0Les Echos Publishing\u00a0&#8211;\u00a02019<\/cite><\/span><\/p>\n","protected":false},"excerpt":{"rendered":"<p>Selon les derniers chiffres communiqu&eacute;s par la Caisse nationale d&rsquo;assurance vieillesse, l&rsquo;&acirc;ge moyen de d&eacute;part &agrave; la retraite en France, en&nbsp;2018, a augment&eacute; de 2&nbsp;mois par rapport &agrave; celui de&nbsp;2017.<\/p>\n","protected":false},"author":1,"featured_media":0,"comment_status":"open","ping_status":"open","sticky":false,"template":"","format":"standard","meta":{"_acf_changed":false,"footnotes":""},"categories":[190],"tags":[],"class_list":["post-9741","post","type-post","status-publish","format-standard","hentry","category-juridiques"],"acf":[],"yoast_head":"<!-- This site is optimized with the Yoast SEO plugin v27.1.1 - https:\/\/yoast.com\/product\/yoast-seo-wordpress\/ -->\n<title>L\u2019\u00e2ge moyen de d\u00e9part \u00e0 la retraite atteint 62,7 ans | Abeille Avocats<\/title>\n<meta name=\"robots\" content=\"index, follow, max-snippet:-1, max-image-preview:large, max-video-preview:-1\" \/>\n<link rel=\"canonical\" href=\"https:\/\/abeille.law\/age-moyen-depart-retraite\/\" \/>\n<meta property=\"og:locale\" content=\"en_US\" \/>\n<meta property=\"og:type\" content=\"article\" \/>\n<meta property=\"og:title\" content=\"L\u2019\u00e2ge moyen de d\u00e9part \u00e0 la retraite atteint 62,7 ans | Abeille Avocats\" \/>\n<meta property=\"og:description\" content=\"Selon les derniers chiffres communiqu&eacute;s par la Caisse nationale d&rsquo;assurance vieillesse, l&rsquo;&acirc;ge moyen de d&eacute;part &agrave; la retraite en France, en&nbsp;2018, a augment&eacute; de 2&nbsp;mois par rapport &agrave; celui de&nbsp;2017.\" \/>\n<meta property=\"og:url\" content=\"https:\/\/abeille.law\/age-moyen-depart-retraite\/\" \/>\n<meta property=\"og:site_name\" content=\"Abeille Avocats\" \/>\n<meta property=\"article:published_time\" content=\"2019-03-15T00:00:00+00:00\" \/>\n<meta name=\"author\" content=\"abeille\" \/>\n<meta name=\"twitter:card\" content=\"summary_large_image\" \/>\n<meta name=\"twitter:label1\" content=\"Written by\" \/>\n\t<meta name=\"twitter:data1\" content=\"abeille\" \/>\n\t<meta name=\"twitter:label2\" content=\"Est. reading time\" \/>\n\t<meta name=\"twitter:data2\" content=\"1 minute\" \/>\n<script type=\"application\/ld+json\" class=\"yoast-schema-graph\">{\"@context\":\"https:\/\/schema.org\",\"@graph\":[{\"@type\":\"Article\",\"@id\":\"https:\/\/abeille.law\/age-moyen-depart-retraite\/#article\",\"isPartOf\":{\"@id\":\"https:\/\/abeille.law\/age-moyen-depart-retraite\/\"},\"author\":{\"name\":\"abeille\",\"@id\":\"https:\/\/abeille.law\/#\/schema\/person\/e4542ce115cbaffa18678384edb2ff3a\"},\"headline\":\"L\u2019\u00e2ge moyen de d\u00e9part \u00e0 la retraite atteint 62,7 ans\",\"datePublished\":\"2019-03-15T00:00:00+00:00\",\"mainEntityOfPage\":{\"@id\":\"https:\/\/abeille.law\/age-moyen-depart-retraite\/\"},\"wordCount\":254,\"commentCount\":0,\"articleSection\":[\"Juridiques\"],\"inLanguage\":\"en-US\",\"potentialAction\":[{\"@type\":\"CommentAction\",\"name\":\"Comment\",\"target\":[\"https:\/\/abeille.law\/age-moyen-depart-retraite\/#respond\"]}]},{\"@type\":\"WebPage\",\"@id\":\"https:\/\/abeille.law\/age-moyen-depart-retraite\/\",\"url\":\"https:\/\/abeille.law\/age-moyen-depart-retraite\/\",\"name\":\"L\u2019\u00e2ge moyen de d\u00e9part \u00e0 la retraite atteint 62,7 ans | Abeille Avocats\",\"isPartOf\":{\"@id\":\"https:\/\/abeille.law\/#website\"},\"datePublished\":\"2019-03-15T00:00:00+00:00\",\"author\":{\"@id\":\"https:\/\/abeille.law\/#\/schema\/person\/e4542ce115cbaffa18678384edb2ff3a\"},\"breadcrumb\":{\"@id\":\"https:\/\/abeille.law\/age-moyen-depart-retraite\/#breadcrumb\"},\"inLanguage\":\"en-US\",\"potentialAction\":[{\"@type\":\"ReadAction\",\"target\":[\"https:\/\/abeille.law\/age-moyen-depart-retraite\/\"]}]},{\"@type\":\"BreadcrumbList\",\"@id\":\"https:\/\/abeille.law\/age-moyen-depart-retraite\/#breadcrumb\",\"itemListElement\":[{\"@type\":\"ListItem\",\"position\":1,\"name\":\"Accueil\",\"item\":\"https:\/\/abeille.law\/en\/\"},{\"@type\":\"ListItem\",\"position\":2,\"name\":\"L\u2019\u00e2ge moyen de d\u00e9part \u00e0 la retraite atteint 62,7 ans\"}]},{\"@type\":\"WebSite\",\"@id\":\"https:\/\/abeille.law\/#website\",\"url\":\"https:\/\/abeille.law\/\",\"name\":\"Abeille Avocats\",\"description\":\"\",\"alternateName\":\"Abeille Avocats\",\"potentialAction\":[{\"@type\":\"SearchAction\",\"target\":{\"@type\":\"EntryPoint\",\"urlTemplate\":\"https:\/\/abeille.law\/?s={search_term_string}\"},\"query-input\":{\"@type\":\"PropertyValueSpecification\",\"valueRequired\":true,\"valueName\":\"search_term_string\"}}],\"inLanguage\":\"en-US\"},{\"@type\":\"Person\",\"@id\":\"https:\/\/abeille.law\/#\/schema\/person\/e4542ce115cbaffa18678384edb2ff3a\",\"name\":\"abeille\",\"image\":{\"@type\":\"ImageObject\",\"inLanguage\":\"en-US\",\"@id\":\"https:\/\/abeille.law\/#\/schema\/person\/image\/\",\"url\":\"https:\/\/abeille.law\/wp-content\/litespeed\/avatar\/2fb2fba12ee04aaa181ee5a23ebd4173.jpg?ver=1776946692\",\"contentUrl\":\"https:\/\/abeille.law\/wp-content\/litespeed\/avatar\/2fb2fba12ee04aaa181ee5a23ebd4173.jpg?ver=1776946692\",\"caption\":\"abeille\"},\"sameAs\":[\"http:\/\/abeille.test\"]}]}<\/script>\n<!-- \/ Yoast SEO plugin. -->","yoast_head_json":{"title":"L\u2019\u00e2ge moyen de d\u00e9part \u00e0 la retraite atteint 62,7 ans | Abeille Avocats","robots":{"index":"index","follow":"follow","max-snippet":"max-snippet:-1","max-image-preview":"max-image-preview:large","max-video-preview":"max-video-preview:-1"},"canonical":"https:\/\/abeille.law\/age-moyen-depart-retraite\/","og_locale":"en_US","og_type":"article","og_title":"L\u2019\u00e2ge moyen de d\u00e9part \u00e0 la retraite atteint 62,7 ans | Abeille Avocats","og_description":"Selon les derniers chiffres communiqu&eacute;s par la Caisse nationale d&rsquo;assurance vieillesse, l&rsquo;&acirc;ge moyen de d&eacute;part &agrave; la retraite en France, en&nbsp;2018, a augment&eacute; de 2&nbsp;mois par rapport &agrave; celui de&nbsp;2017.","og_url":"https:\/\/abeille.law\/age-moyen-depart-retraite\/","og_site_name":"Abeille Avocats","article_published_time":"2019-03-15T00:00:00+00:00","author":"abeille","twitter_card":"summary_large_image","twitter_misc":{"Written by":"abeille","Est. reading time":"1 minute"},"schema":{"@context":"https:\/\/schema.org","@graph":[{"@type":"Article","@id":"https:\/\/abeille.law\/age-moyen-depart-retraite\/#article","isPartOf":{"@id":"https:\/\/abeille.law\/age-moyen-depart-retraite\/"},"author":{"name":"abeille","@id":"https:\/\/abeille.law\/#\/schema\/person\/e4542ce115cbaffa18678384edb2ff3a"},"headline":"L\u2019\u00e2ge moyen de d\u00e9part \u00e0 la retraite atteint 62,7 ans","datePublished":"2019-03-15T00:00:00+00:00","mainEntityOfPage":{"@id":"https:\/\/abeille.law\/age-moyen-depart-retraite\/"},"wordCount":254,"commentCount":0,"articleSection":["Juridiques"],"inLanguage":"en-US","potentialAction":[{"@type":"CommentAction","name":"Comment","target":["https:\/\/abeille.law\/age-moyen-depart-retraite\/#respond"]}]},{"@type":"WebPage","@id":"https:\/\/abeille.law\/age-moyen-depart-retraite\/","url":"https:\/\/abeille.law\/age-moyen-depart-retraite\/","name":"L\u2019\u00e2ge moyen de d\u00e9part \u00e0 la retraite atteint 62,7 ans | Abeille Avocats","isPartOf":{"@id":"https:\/\/abeille.law\/#website"},"datePublished":"2019-03-15T00:00:00+00:00","author":{"@id":"https:\/\/abeille.law\/#\/schema\/person\/e4542ce115cbaffa18678384edb2ff3a"},"breadcrumb":{"@id":"https:\/\/abeille.law\/age-moyen-depart-retraite\/#breadcrumb"},"inLanguage":"en-US","potentialAction":[{"@type":"ReadAction","target":["https:\/\/abeille.law\/age-moyen-depart-retraite\/"]}]},{"@type":"BreadcrumbList","@id":"https:\/\/abeille.law\/age-moyen-depart-retraite\/#breadcrumb","itemListElement":[{"@type":"ListItem","position":1,"name":"Accueil","item":"https:\/\/abeille.law\/en\/"},{"@type":"ListItem","position":2,"name":"L\u2019\u00e2ge moyen de d\u00e9part \u00e0 la retraite atteint 62,7 ans"}]},{"@type":"WebSite","@id":"https:\/\/abeille.law\/#website","url":"https:\/\/abeille.law\/","name":"Abeille Avocats","description":"","alternateName":"Abeille Avocats","potentialAction":[{"@type":"SearchAction","target":{"@type":"EntryPoint","urlTemplate":"https:\/\/abeille.law\/?s={search_term_string}"},"query-input":{"@type":"PropertyValueSpecification","valueRequired":true,"valueName":"search_term_string"}}],"inLanguage":"en-US"},{"@type":"Person","@id":"https:\/\/abeille.law\/#\/schema\/person\/e4542ce115cbaffa18678384edb2ff3a","name":"abeille","image":{"@type":"ImageObject","inLanguage":"en-US","@id":"https:\/\/abeille.law\/#\/schema\/person\/image\/","url":"https:\/\/abeille.law\/wp-content\/litespeed\/avatar\/2fb2fba12ee04aaa181ee5a23ebd4173.jpg?ver=1776946692","contentUrl":"https:\/\/abeille.law\/wp-content\/litespeed\/avatar\/2fb2fba12ee04aaa181ee5a23ebd4173.jpg?ver=1776946692","caption":"abeille"},"sameAs":["http:\/\/abeille.test"]}]}},"_links":{"self":[{"href":"https:\/\/abeille.law\/en\/wp-json\/wp\/v2\/posts\/9741","targetHints":{"allow":["GET"]}}],"collection":[{"href":"https:\/\/abeille.law\/en\/wp-json\/wp\/v2\/posts"}],"about":[{"href":"https:\/\/abeille.law\/en\/wp-json\/wp\/v2\/types\/post"}],"author":[{"embeddable":true,"href":"https:\/\/abeille.law\/en\/wp-json\/wp\/v2\/users\/1"}],"replies":[{"embeddable":true,"href":"https:\/\/abeille.law\/en\/wp-json\/wp\/v2\/comments?post=9741"}],"version-history":[{"count":0,"href":"https:\/\/abeille.law\/en\/wp-json\/wp\/v2\/posts\/9741\/revisions"}],"wp:attachment":[{"href":"https:\/\/abeille.law\/en\/wp-json\/wp\/v2\/media?parent=9741"}],"wp:term":[{"taxonomy":"category","embeddable":true,"href":"https:\/\/abeille.law\/en\/wp-json\/wp\/v2\/categories?post=9741"},{"taxonomy":"post_tag","embeddable":true,"href":"https:\/\/abeille.law\/en\/wp-json\/wp\/v2\/tags?post=9741"}],"curies":[{"name":"wp","href":"https:\/\/api.w.org\/{rel}","templated":true}]}}