{"id":9704,"date":"2019-03-22T00:00:00","date_gmt":"2019-03-22T00:00:00","guid":{"rendered":"https:\/\/abeille-preprod.eliott-markus.cloud\/credit-impot-transition-energetique\/"},"modified":"2019-03-22T00:00:00","modified_gmt":"2019-03-22T00:00:00","slug":"credit-impot-transition-energetique","status":"publish","type":"post","link":"https:\/\/abeille.law\/en\/credit-impot-transition-energetique\/","title":{"rendered":"Pr\u00e9cisions sur les d\u00e9penses \u00e9ligibles au cr\u00e9dit d\u2019imp\u00f4t transition \u00e9nerg\u00e9tique"},"content":{"rendered":"<p>Les particuliers propri\u00e9taires, locataires ou occupants \u00e0 titre gratuit peuvent b\u00e9n\u00e9ficier d\u2019un <strong>cr\u00e9dit d\u2019imp\u00f4t sur le revenu<\/strong> pour certains <strong>travaux d\u2019am\u00e9lioration de la qualit\u00e9 environnementale<\/strong> r\u00e9alis\u00e9s dans leur r\u00e9sidence principale (ou, sous conditions, dans celle de leur locataire), lorsqu\u2019elle est situ\u00e9e en France et achev\u00e9e depuis plus de 2\u00a0ans.<\/p>\n<section>\n<ul>\n<li>Pr\u00e9cision\u00a0:\u00a0le cr\u00e9dit d\u2019imp\u00f4t est \u00e9gal \u00e0 30\u00a0% (15\u00a0% pour certains \u00e9quipements) du montant des d\u00e9penses pay\u00e9es au cours de l\u2019ann\u00e9e d\u2019imposition.<\/li>\n<\/ul>\n<\/section>\n<p>Un arr\u00eat\u00e9 r\u00e9cent vient de mettre \u00e0 jour la liste des \u00e9quipements \u00e9ligibles au cr\u00e9dit d\u2019imp\u00f4t transition \u00e9nerg\u00e9tique (<strong>CITE<\/strong>). Ce texte a fix\u00e9 en particulier les plafonds introduits pour les \u00e9quipements suivants\u00a0:<\/p>\n<ul>\n<li>3\u00a0350\u00a0\u20ac pour les chaudi\u00e8res \u00e0 tr\u00e8s haute performance \u00e9nerg\u00e9tique (n\u2019utilisant pas le fioul) ou \u00e0 micro-cog\u00e9n\u00e9ration gaz\u00a0;<\/li>\n<li>670\u00a0\u20ac par fen\u00eatre, pour la pose de parois vitr\u00e9es en remplacement d\u2019un simple vitrage.<\/li>\n<\/ul>\n<p>En outre, l\u2019arr\u00eat\u00e9 a int\u00e9gr\u00e9 de nouvelles d\u00e9penses introduites par la loi de finances pour\u00a02019. Ainsi, la pose d\u2019\u00e9quipements de chauffage utilisant des \u00e9nergies renouvelables (chauffe-eau thermodynamiques, capteurs solaires thermiques&#8230;) et la d\u00e9pose d\u2019une cuve \u00e0 fioul sont d\u00e9sormais \u00e9ligibles au CITE.<\/p>\n<p>Pour plus d&#8217;informations, n&#8217;h\u00e9sitez pas \u00e0 consulter l&#8217;<a title=\"Legifrance | Arr\u00eat\u00e9 du 1er mars 2019\" href=\"https:\/\/www.legifrance.gouv.fr\/affichTexte.do?cidTexte=JORFTEXT000038203960&#038;categorieLien=id\" target=\"_blank\" rel=\"noopener\">arr\u00eat\u00e9 du 1er\u00a0mars\u00a02019<\/a> relatif au cr\u00e9dit d\u2019imp\u00f4t sur le revenu pour la transition \u00e9nerg\u00e9tique (JO du\u00a07).<\/p>\n<blockquote><p>Pour toutes questions, n&#8217;h\u00e9sitez pas \u00e0 <a title=\"Contactez-nous\" href=\"fr\/contact\">contacter le cabinet Abeille &#038; Associ\u00e9s<\/a>.<\/p><\/blockquote>\n<p><span style=\"font-size: 8pt;\"><cite class=\"reference\">Article publi\u00e9 le\u00a0<time>22 mars 2019<\/time>\u00a0&#8211;\u00a0\u00a9\u00a0\u00a0Les Echos Publishing\u00a0&#8211;\u00a02019<\/cite><\/span><\/p>\n","protected":false},"excerpt":{"rendered":"<p>Un arr&ecirc;t&eacute; r&eacute;cent a fix&eacute; notamment les plafonds pour certains &eacute;quipements &eacute;ligibles au cr&eacute;dit d&rsquo;imp&ocirc;t transition &eacute;nerg&eacute;tique.<\/p>\n","protected":false},"author":1,"featured_media":0,"comment_status":"open","ping_status":"open","sticky":false,"template":"","format":"standard","meta":{"_acf_changed":false,"footnotes":""},"categories":[190],"tags":[],"class_list":["post-9704","post","type-post","status-publish","format-standard","hentry","category-juridiques"],"acf":[],"yoast_head":"<!-- This site is optimized with the Yoast SEO plugin v27.1.1 - https:\/\/yoast.com\/product\/yoast-seo-wordpress\/ -->\n<title>Pr\u00e9cisions sur les d\u00e9penses \u00e9ligibles au cr\u00e9dit d\u2019imp\u00f4t transition \u00e9nerg\u00e9tique | Abeille Avocats<\/title>\n<meta name=\"robots\" content=\"index, follow, max-snippet:-1, max-image-preview:large, max-video-preview:-1\" \/>\n<link rel=\"canonical\" href=\"https:\/\/abeille.law\/credit-impot-transition-energetique\/\" \/>\n<meta property=\"og:locale\" content=\"en_US\" \/>\n<meta property=\"og:type\" content=\"article\" \/>\n<meta property=\"og:title\" content=\"Pr\u00e9cisions sur les d\u00e9penses \u00e9ligibles au cr\u00e9dit d\u2019imp\u00f4t transition \u00e9nerg\u00e9tique | Abeille Avocats\" \/>\n<meta property=\"og:description\" content=\"Un arr&ecirc;t&eacute; r&eacute;cent a fix&eacute; notamment les plafonds pour certains &eacute;quipements &eacute;ligibles au cr&eacute;dit d&rsquo;imp&ocirc;t transition &eacute;nerg&eacute;tique.\" \/>\n<meta property=\"og:url\" content=\"https:\/\/abeille.law\/credit-impot-transition-energetique\/\" \/>\n<meta property=\"og:site_name\" content=\"Abeille Avocats\" \/>\n<meta property=\"article:published_time\" content=\"2019-03-22T00:00:00+00:00\" \/>\n<meta name=\"author\" content=\"abeille\" \/>\n<meta name=\"twitter:card\" content=\"summary_large_image\" \/>\n<meta name=\"twitter:label1\" content=\"Written by\" \/>\n\t<meta name=\"twitter:data1\" content=\"abeille\" \/>\n\t<meta name=\"twitter:label2\" content=\"Est. reading time\" \/>\n\t<meta name=\"twitter:data2\" content=\"1 minute\" \/>\n<script type=\"application\/ld+json\" class=\"yoast-schema-graph\">{\"@context\":\"https:\/\/schema.org\",\"@graph\":[{\"@type\":\"Article\",\"@id\":\"https:\/\/abeille.law\/credit-impot-transition-energetique\/#article\",\"isPartOf\":{\"@id\":\"https:\/\/abeille.law\/credit-impot-transition-energetique\/\"},\"author\":{\"name\":\"abeille\",\"@id\":\"https:\/\/abeille.law\/#\/schema\/person\/e4542ce115cbaffa18678384edb2ff3a\"},\"headline\":\"Pr\u00e9cisions sur les d\u00e9penses \u00e9ligibles au cr\u00e9dit d\u2019imp\u00f4t transition \u00e9nerg\u00e9tique\",\"datePublished\":\"2019-03-22T00:00:00+00:00\",\"mainEntityOfPage\":{\"@id\":\"https:\/\/abeille.law\/credit-impot-transition-energetique\/\"},\"wordCount\":283,\"commentCount\":0,\"articleSection\":[\"Juridiques\"],\"inLanguage\":\"en-US\",\"potentialAction\":[{\"@type\":\"CommentAction\",\"name\":\"Comment\",\"target\":[\"https:\/\/abeille.law\/credit-impot-transition-energetique\/#respond\"]}]},{\"@type\":\"WebPage\",\"@id\":\"https:\/\/abeille.law\/credit-impot-transition-energetique\/\",\"url\":\"https:\/\/abeille.law\/credit-impot-transition-energetique\/\",\"name\":\"Pr\u00e9cisions sur les d\u00e9penses \u00e9ligibles au cr\u00e9dit d\u2019imp\u00f4t transition \u00e9nerg\u00e9tique | Abeille Avocats\",\"isPartOf\":{\"@id\":\"https:\/\/abeille.law\/#website\"},\"datePublished\":\"2019-03-22T00:00:00+00:00\",\"author\":{\"@id\":\"https:\/\/abeille.law\/#\/schema\/person\/e4542ce115cbaffa18678384edb2ff3a\"},\"breadcrumb\":{\"@id\":\"https:\/\/abeille.law\/credit-impot-transition-energetique\/#breadcrumb\"},\"inLanguage\":\"en-US\",\"potentialAction\":[{\"@type\":\"ReadAction\",\"target\":[\"https:\/\/abeille.law\/credit-impot-transition-energetique\/\"]}]},{\"@type\":\"BreadcrumbList\",\"@id\":\"https:\/\/abeille.law\/credit-impot-transition-energetique\/#breadcrumb\",\"itemListElement\":[{\"@type\":\"ListItem\",\"position\":1,\"name\":\"Accueil\",\"item\":\"https:\/\/abeille.law\/en\/\"},{\"@type\":\"ListItem\",\"position\":2,\"name\":\"Pr\u00e9cisions sur les d\u00e9penses \u00e9ligibles au cr\u00e9dit d\u2019imp\u00f4t transition \u00e9nerg\u00e9tique\"}]},{\"@type\":\"WebSite\",\"@id\":\"https:\/\/abeille.law\/#website\",\"url\":\"https:\/\/abeille.law\/\",\"name\":\"Abeille Avocats\",\"description\":\"\",\"alternateName\":\"Abeille Avocats\",\"potentialAction\":[{\"@type\":\"SearchAction\",\"target\":{\"@type\":\"EntryPoint\",\"urlTemplate\":\"https:\/\/abeille.law\/?s={search_term_string}\"},\"query-input\":{\"@type\":\"PropertyValueSpecification\",\"valueRequired\":true,\"valueName\":\"search_term_string\"}}],\"inLanguage\":\"en-US\"},{\"@type\":\"Person\",\"@id\":\"https:\/\/abeille.law\/#\/schema\/person\/e4542ce115cbaffa18678384edb2ff3a\",\"name\":\"abeille\",\"image\":{\"@type\":\"ImageObject\",\"inLanguage\":\"en-US\",\"@id\":\"https:\/\/abeille.law\/#\/schema\/person\/image\/\",\"url\":\"https:\/\/abeille.law\/wp-content\/litespeed\/avatar\/2fb2fba12ee04aaa181ee5a23ebd4173.jpg?ver=1777551493\",\"contentUrl\":\"https:\/\/abeille.law\/wp-content\/litespeed\/avatar\/2fb2fba12ee04aaa181ee5a23ebd4173.jpg?ver=1777551493\",\"caption\":\"abeille\"},\"sameAs\":[\"http:\/\/abeille.test\"]}]}<\/script>\n<!-- \/ Yoast SEO plugin. -->","yoast_head_json":{"title":"Pr\u00e9cisions sur les d\u00e9penses \u00e9ligibles au cr\u00e9dit d\u2019imp\u00f4t transition \u00e9nerg\u00e9tique | Abeille Avocats","robots":{"index":"index","follow":"follow","max-snippet":"max-snippet:-1","max-image-preview":"max-image-preview:large","max-video-preview":"max-video-preview:-1"},"canonical":"https:\/\/abeille.law\/credit-impot-transition-energetique\/","og_locale":"en_US","og_type":"article","og_title":"Pr\u00e9cisions sur les d\u00e9penses \u00e9ligibles au cr\u00e9dit d\u2019imp\u00f4t transition \u00e9nerg\u00e9tique | Abeille Avocats","og_description":"Un arr&ecirc;t&eacute; r&eacute;cent a fix&eacute; notamment les plafonds pour certains &eacute;quipements &eacute;ligibles au cr&eacute;dit d&rsquo;imp&ocirc;t transition &eacute;nerg&eacute;tique.","og_url":"https:\/\/abeille.law\/credit-impot-transition-energetique\/","og_site_name":"Abeille Avocats","article_published_time":"2019-03-22T00:00:00+00:00","author":"abeille","twitter_card":"summary_large_image","twitter_misc":{"Written by":"abeille","Est. reading time":"1 minute"},"schema":{"@context":"https:\/\/schema.org","@graph":[{"@type":"Article","@id":"https:\/\/abeille.law\/credit-impot-transition-energetique\/#article","isPartOf":{"@id":"https:\/\/abeille.law\/credit-impot-transition-energetique\/"},"author":{"name":"abeille","@id":"https:\/\/abeille.law\/#\/schema\/person\/e4542ce115cbaffa18678384edb2ff3a"},"headline":"Pr\u00e9cisions sur les d\u00e9penses \u00e9ligibles au cr\u00e9dit d\u2019imp\u00f4t transition \u00e9nerg\u00e9tique","datePublished":"2019-03-22T00:00:00+00:00","mainEntityOfPage":{"@id":"https:\/\/abeille.law\/credit-impot-transition-energetique\/"},"wordCount":283,"commentCount":0,"articleSection":["Juridiques"],"inLanguage":"en-US","potentialAction":[{"@type":"CommentAction","name":"Comment","target":["https:\/\/abeille.law\/credit-impot-transition-energetique\/#respond"]}]},{"@type":"WebPage","@id":"https:\/\/abeille.law\/credit-impot-transition-energetique\/","url":"https:\/\/abeille.law\/credit-impot-transition-energetique\/","name":"Pr\u00e9cisions sur les d\u00e9penses \u00e9ligibles au cr\u00e9dit d\u2019imp\u00f4t transition \u00e9nerg\u00e9tique | Abeille Avocats","isPartOf":{"@id":"https:\/\/abeille.law\/#website"},"datePublished":"2019-03-22T00:00:00+00:00","author":{"@id":"https:\/\/abeille.law\/#\/schema\/person\/e4542ce115cbaffa18678384edb2ff3a"},"breadcrumb":{"@id":"https:\/\/abeille.law\/credit-impot-transition-energetique\/#breadcrumb"},"inLanguage":"en-US","potentialAction":[{"@type":"ReadAction","target":["https:\/\/abeille.law\/credit-impot-transition-energetique\/"]}]},{"@type":"BreadcrumbList","@id":"https:\/\/abeille.law\/credit-impot-transition-energetique\/#breadcrumb","itemListElement":[{"@type":"ListItem","position":1,"name":"Accueil","item":"https:\/\/abeille.law\/en\/"},{"@type":"ListItem","position":2,"name":"Pr\u00e9cisions sur les d\u00e9penses \u00e9ligibles au cr\u00e9dit d\u2019imp\u00f4t transition \u00e9nerg\u00e9tique"}]},{"@type":"WebSite","@id":"https:\/\/abeille.law\/#website","url":"https:\/\/abeille.law\/","name":"Abeille Avocats","description":"","alternateName":"Abeille Avocats","potentialAction":[{"@type":"SearchAction","target":{"@type":"EntryPoint","urlTemplate":"https:\/\/abeille.law\/?s={search_term_string}"},"query-input":{"@type":"PropertyValueSpecification","valueRequired":true,"valueName":"search_term_string"}}],"inLanguage":"en-US"},{"@type":"Person","@id":"https:\/\/abeille.law\/#\/schema\/person\/e4542ce115cbaffa18678384edb2ff3a","name":"abeille","image":{"@type":"ImageObject","inLanguage":"en-US","@id":"https:\/\/abeille.law\/#\/schema\/person\/image\/","url":"https:\/\/abeille.law\/wp-content\/litespeed\/avatar\/2fb2fba12ee04aaa181ee5a23ebd4173.jpg?ver=1777551493","contentUrl":"https:\/\/abeille.law\/wp-content\/litespeed\/avatar\/2fb2fba12ee04aaa181ee5a23ebd4173.jpg?ver=1777551493","caption":"abeille"},"sameAs":["http:\/\/abeille.test"]}]}},"_links":{"self":[{"href":"https:\/\/abeille.law\/en\/wp-json\/wp\/v2\/posts\/9704","targetHints":{"allow":["GET"]}}],"collection":[{"href":"https:\/\/abeille.law\/en\/wp-json\/wp\/v2\/posts"}],"about":[{"href":"https:\/\/abeille.law\/en\/wp-json\/wp\/v2\/types\/post"}],"author":[{"embeddable":true,"href":"https:\/\/abeille.law\/en\/wp-json\/wp\/v2\/users\/1"}],"replies":[{"embeddable":true,"href":"https:\/\/abeille.law\/en\/wp-json\/wp\/v2\/comments?post=9704"}],"version-history":[{"count":0,"href":"https:\/\/abeille.law\/en\/wp-json\/wp\/v2\/posts\/9704\/revisions"}],"wp:attachment":[{"href":"https:\/\/abeille.law\/en\/wp-json\/wp\/v2\/media?parent=9704"}],"wp:term":[{"taxonomy":"category","embeddable":true,"href":"https:\/\/abeille.law\/en\/wp-json\/wp\/v2\/categories?post=9704"},{"taxonomy":"post_tag","embeddable":true,"href":"https:\/\/abeille.law\/en\/wp-json\/wp\/v2\/tags?post=9704"}],"curies":[{"name":"wp","href":"https:\/\/api.w.org\/{rel}","templated":true}]}}