{"id":9703,"date":"2019-03-25T00:00:00","date_gmt":"2019-03-25T00:00:00","guid":{"rendered":"https:\/\/abeille-preprod.eliott-markus.cloud\/association-interet-agir-justice\/"},"modified":"2019-03-25T00:00:00","modified_gmt":"2019-03-25T00:00:00","slug":"association-interet-agir-justice","status":"publish","type":"post","link":"https:\/\/abeille.law\/en\/association-interet-agir-justice\/","title":{"rendered":"Int\u00e9r\u00eat \u00e0 agir en justice d\u2019une association"},"content":{"rendered":"<p>Une <strong>association<\/strong> ne peut engager une <a title=\"Abeille &#038; Associ\u00e9s | Nos services\" href=\"fr\/services\">action en justice<\/a> que si elle a un int\u00e9r\u00eat \u00e0 agir au regard de l\u2019objet d\u00e9fini dans ses statuts, notamment quant \u00e0 son p\u00e9rim\u00e8tre g\u00e9ographique.<\/p>\n<p>C\u2019est pourquoi une association dont le ressort est national ne peut pas, en principe, demander l\u2019<strong>annulation d\u2019une d\u00e9cision administrative<\/strong> adopt\u00e9e \u00e0 un niveau local, par exemple, par un maire ou un d\u00e9partement. Par exception, les tribunaux reconnaissent cette possibilit\u00e9 lorsque la d\u00e9cision soul\u00e8ve des questions qui exc\u00e8dent les circonstances strictement locales. En voici une illustration au travers de deux affaires r\u00e9centes.<\/p>\n<h2 class=\"title\">Une port\u00e9e qui exc\u00e8de un seul d\u00e9partement<\/h2>\n<p>Dans la premi\u00e8re affaire, la Ligue des droits de l\u2019homme, qui a pour objet le combat contre toute forme de discrimination, avait demand\u00e9 en justice l\u2019annulation d\u2019un arr\u00eat\u00e9 du pr\u00e9sident du conseil g\u00e9n\u00e9ral de la Mayenne. Ce texte pr\u00e9voyait que, compte tenu de la dangerosit\u00e9 du virus Ebola, les mineurs \u00e9trangers isol\u00e9s qui provenaient d\u2019\u00c9tats \u00e0 risque ne seraient accueillis par le service de l\u2019aide sociale \u00e0 l\u2019enfance qu\u2019apr\u00e8s une prise en charge par les autorit\u00e9s sanitaires destin\u00e9e \u00e0 \u00e9viter tout risque de contamination.<\/p>\n<p>Pour le Conseil d\u2019\u00c9tat, une <strong>association ayant un ressort national<\/strong> justifie d\u2019un int\u00e9r\u00eat \u00e0 agir lorsque la d\u00e9cision prise localement \u00ab\u00a0<em>soul\u00e8ve, en raison de ses implications, notamment dans le domaine des libert\u00e9s publiques, des questions qui, par leur nature et leur objet, exc\u00e8dent les seules circonstances locales\u00a0<\/em>\u00bb. Ce qui \u00e9tait le cas ici, selon ses juges, puisque l\u2019arr\u00eat\u00e9, de nature \u00e0 affecter de fa\u00e7on sp\u00e9cifique les mineurs \u00e9trangers isol\u00e9s, pr\u00e9sentait une port\u00e9e exc\u00e9dant le seul d\u00e9partement de la Mayenne.<\/p>\n<h2 class=\"title\">Des questions qui exc\u00e8dent les circonstances strictement locales<\/h2>\n<p>Dans la seconde affaire, la Ligue de d\u00e9fense judiciaire des musulmans avait agi en justice afin que soient annul\u00e9es la d\u00e9cision du maire de Chalon-sur-Sa\u00f4ne de ne plus proposer, dans les restaurants scolaires municipaux, des menus de substitution aux plats contenant du porc ainsi que la d\u00e9lib\u00e9ration du conseil municipal approuvant le nouveau r\u00e8glement de ces restaurants.<\/p>\n<p>La cour administrative de Lyon a consid\u00e9r\u00e9 que ces d\u00e9cisions, qui affectaient la situation des \u00e9l\u00e8ves musulmans fr\u00e9quentant les restaurants scolaires des \u00e9coles publiques de Chalon-sur-Sa\u00f4ne, soulevaient \u00e9galement des questions qui, par leur objet et leurs implications, exc\u00e9daient les circonstances strictement locales. D\u00e8s lors, l\u2019association dont l\u2019objet, au niveau national, est de \u00ab\u00a0<em>lutter contre toutes les formes de discrimination religieuse et tout acte commis en raison de l\u2019appartenance d\u2019une personne ou d\u2019un groupe \u00e0 la religion et\/ou \u00e0 la communaut\u00e9 musulmane<\/em>\u00a0\u00bb pouvait valablement demander en justice l\u2019<strong>annulation de ces d\u00e9cisions communales<\/strong>.<\/p>\n<p>Pour plus d&#8217;informations, n&#8217;h\u00e9sitez pas \u00e0 consulter le <a title=\"Legifrance | Conseil d'Etat du 3\/12\/18\" href=\"https:\/\/www.legifrance.gouv.fr\/affichJuriAdmin.do?oldAction=rechJuriAdmin&#038;idTexte=CETATEXT000037683074&#038;fastReqId=456337436&#038;fastPos=1\" target=\"_blank\" rel=\"noopener\">Conseil d\u2019\u00c9tat n\u00b0409667<\/a> du 3\u00a0d\u00e9cembre\u00a02018, et l&#8217;<a title=\"Cour administrative d'appel de Lyon | Arr\u00eat n\u00b017LYO03323\" href=\"http:\/\/lyon.cour-administrative-appel.fr\/content\/download\/146304\/1483834\/version\/1\/file\/17LY03323et17LY03328.pdf\" target=\"_blank\" rel=\"noopener\">arr\u00eat de la Cour adminisatrative d&#8217;appel de Lyon<\/a> n\u00b0\u00a017LY03323 du 23\u00a0octobre\u00a02018.<\/p>\n<blockquote><p>Pour toutes questions de droit, n&#8217;h\u00e9sitez pas \u00e0 <a title=\"Contactez-nous\" href=\"fr\/contact\">contacter le cabinet Abeille &#038; Associ\u00e9s<\/a>.<\/p><\/blockquote>\n<p><span style=\"font-size: 8pt;\"><cite class=\"reference\">Article publi\u00e9 le\u00a0<time>25 mars 2019<\/time>\u00a0&#8211;\u00a0\u00a9\u00a0\u00a0Les Echos Publishing\u00a0&#8211;\u00a02019<\/cite><\/span><\/p>\n<p>\u00a0<\/p>\n","protected":false},"excerpt":{"rendered":"<p>Une association dont le champ d&rsquo;intervention est national peut demander l&rsquo;annulation de certaines d&eacute;cisions prises au niveau local.<\/p>\n","protected":false},"author":1,"featured_media":0,"comment_status":"open","ping_status":"open","sticky":false,"template":"","format":"standard","meta":{"_acf_changed":false,"footnotes":""},"categories":[190],"tags":[],"class_list":["post-9703","post","type-post","status-publish","format-standard","hentry","category-juridiques"],"acf":[],"yoast_head":"<!-- This site is optimized with the Yoast SEO plugin v27.1.1 - https:\/\/yoast.com\/product\/yoast-seo-wordpress\/ -->\n<title>Int\u00e9r\u00eat \u00e0 agir en justice d\u2019une association | Abeille Avocats<\/title>\n<meta name=\"robots\" content=\"index, follow, max-snippet:-1, max-image-preview:large, max-video-preview:-1\" \/>\n<link rel=\"canonical\" href=\"https:\/\/abeille.law\/association-interet-agir-justice\/\" \/>\n<meta property=\"og:locale\" content=\"en_US\" \/>\n<meta property=\"og:type\" content=\"article\" \/>\n<meta property=\"og:title\" content=\"Int\u00e9r\u00eat \u00e0 agir en justice d\u2019une association | Abeille Avocats\" \/>\n<meta property=\"og:description\" content=\"Une association dont le champ d&rsquo;intervention est national peut demander l&rsquo;annulation de certaines d&eacute;cisions prises au niveau local.\" \/>\n<meta property=\"og:url\" content=\"https:\/\/abeille.law\/association-interet-agir-justice\/\" \/>\n<meta property=\"og:site_name\" content=\"Abeille Avocats\" \/>\n<meta property=\"article:published_time\" content=\"2019-03-25T00:00:00+00:00\" \/>\n<meta name=\"author\" content=\"abeille\" \/>\n<meta name=\"twitter:card\" content=\"summary_large_image\" \/>\n<meta name=\"twitter:label1\" content=\"Written by\" \/>\n\t<meta name=\"twitter:data1\" content=\"abeille\" \/>\n\t<meta name=\"twitter:label2\" content=\"Est. reading time\" \/>\n\t<meta name=\"twitter:data2\" content=\"3 minutes\" \/>\n<script type=\"application\/ld+json\" class=\"yoast-schema-graph\">{\"@context\":\"https:\/\/schema.org\",\"@graph\":[{\"@type\":\"Article\",\"@id\":\"https:\/\/abeille.law\/association-interet-agir-justice\/#article\",\"isPartOf\":{\"@id\":\"https:\/\/abeille.law\/association-interet-agir-justice\/\"},\"author\":{\"name\":\"abeille\",\"@id\":\"https:\/\/abeille.law\/#\/schema\/person\/e4542ce115cbaffa18678384edb2ff3a\"},\"headline\":\"Int\u00e9r\u00eat \u00e0 agir en justice d\u2019une association\",\"datePublished\":\"2019-03-25T00:00:00+00:00\",\"mainEntityOfPage\":{\"@id\":\"https:\/\/abeille.law\/association-interet-agir-justice\/\"},\"wordCount\":551,\"commentCount\":0,\"articleSection\":[\"Juridiques\"],\"inLanguage\":\"en-US\",\"potentialAction\":[{\"@type\":\"CommentAction\",\"name\":\"Comment\",\"target\":[\"https:\/\/abeille.law\/association-interet-agir-justice\/#respond\"]}]},{\"@type\":\"WebPage\",\"@id\":\"https:\/\/abeille.law\/association-interet-agir-justice\/\",\"url\":\"https:\/\/abeille.law\/association-interet-agir-justice\/\",\"name\":\"Int\u00e9r\u00eat \u00e0 agir en justice d\u2019une association | Abeille Avocats\",\"isPartOf\":{\"@id\":\"https:\/\/abeille.law\/#website\"},\"datePublished\":\"2019-03-25T00:00:00+00:00\",\"author\":{\"@id\":\"https:\/\/abeille.law\/#\/schema\/person\/e4542ce115cbaffa18678384edb2ff3a\"},\"breadcrumb\":{\"@id\":\"https:\/\/abeille.law\/association-interet-agir-justice\/#breadcrumb\"},\"inLanguage\":\"en-US\",\"potentialAction\":[{\"@type\":\"ReadAction\",\"target\":[\"https:\/\/abeille.law\/association-interet-agir-justice\/\"]}]},{\"@type\":\"BreadcrumbList\",\"@id\":\"https:\/\/abeille.law\/association-interet-agir-justice\/#breadcrumb\",\"itemListElement\":[{\"@type\":\"ListItem\",\"position\":1,\"name\":\"Accueil\",\"item\":\"https:\/\/abeille.law\/en\/\"},{\"@type\":\"ListItem\",\"position\":2,\"name\":\"Int\u00e9r\u00eat \u00e0 agir en justice d\u2019une association\"}]},{\"@type\":\"WebSite\",\"@id\":\"https:\/\/abeille.law\/#website\",\"url\":\"https:\/\/abeille.law\/\",\"name\":\"Abeille Avocats\",\"description\":\"\",\"alternateName\":\"Abeille Avocats\",\"potentialAction\":[{\"@type\":\"SearchAction\",\"target\":{\"@type\":\"EntryPoint\",\"urlTemplate\":\"https:\/\/abeille.law\/?s={search_term_string}\"},\"query-input\":{\"@type\":\"PropertyValueSpecification\",\"valueRequired\":true,\"valueName\":\"search_term_string\"}}],\"inLanguage\":\"en-US\"},{\"@type\":\"Person\",\"@id\":\"https:\/\/abeille.law\/#\/schema\/person\/e4542ce115cbaffa18678384edb2ff3a\",\"name\":\"abeille\",\"image\":{\"@type\":\"ImageObject\",\"inLanguage\":\"en-US\",\"@id\":\"https:\/\/abeille.law\/#\/schema\/person\/image\/\",\"url\":\"https:\/\/abeille.law\/wp-content\/litespeed\/avatar\/2fb2fba12ee04aaa181ee5a23ebd4173.jpg?ver=1777551493\",\"contentUrl\":\"https:\/\/abeille.law\/wp-content\/litespeed\/avatar\/2fb2fba12ee04aaa181ee5a23ebd4173.jpg?ver=1777551493\",\"caption\":\"abeille\"},\"sameAs\":[\"http:\/\/abeille.test\"]}]}<\/script>\n<!-- \/ Yoast SEO plugin. -->","yoast_head_json":{"title":"Int\u00e9r\u00eat \u00e0 agir en justice d\u2019une association | Abeille Avocats","robots":{"index":"index","follow":"follow","max-snippet":"max-snippet:-1","max-image-preview":"max-image-preview:large","max-video-preview":"max-video-preview:-1"},"canonical":"https:\/\/abeille.law\/association-interet-agir-justice\/","og_locale":"en_US","og_type":"article","og_title":"Int\u00e9r\u00eat \u00e0 agir en justice d\u2019une association | Abeille Avocats","og_description":"Une association dont le champ d&rsquo;intervention est national peut demander l&rsquo;annulation de certaines d&eacute;cisions prises au niveau local.","og_url":"https:\/\/abeille.law\/association-interet-agir-justice\/","og_site_name":"Abeille Avocats","article_published_time":"2019-03-25T00:00:00+00:00","author":"abeille","twitter_card":"summary_large_image","twitter_misc":{"Written by":"abeille","Est. reading time":"3 minutes"},"schema":{"@context":"https:\/\/schema.org","@graph":[{"@type":"Article","@id":"https:\/\/abeille.law\/association-interet-agir-justice\/#article","isPartOf":{"@id":"https:\/\/abeille.law\/association-interet-agir-justice\/"},"author":{"name":"abeille","@id":"https:\/\/abeille.law\/#\/schema\/person\/e4542ce115cbaffa18678384edb2ff3a"},"headline":"Int\u00e9r\u00eat \u00e0 agir en justice d\u2019une association","datePublished":"2019-03-25T00:00:00+00:00","mainEntityOfPage":{"@id":"https:\/\/abeille.law\/association-interet-agir-justice\/"},"wordCount":551,"commentCount":0,"articleSection":["Juridiques"],"inLanguage":"en-US","potentialAction":[{"@type":"CommentAction","name":"Comment","target":["https:\/\/abeille.law\/association-interet-agir-justice\/#respond"]}]},{"@type":"WebPage","@id":"https:\/\/abeille.law\/association-interet-agir-justice\/","url":"https:\/\/abeille.law\/association-interet-agir-justice\/","name":"Int\u00e9r\u00eat \u00e0 agir en justice d\u2019une association | Abeille Avocats","isPartOf":{"@id":"https:\/\/abeille.law\/#website"},"datePublished":"2019-03-25T00:00:00+00:00","author":{"@id":"https:\/\/abeille.law\/#\/schema\/person\/e4542ce115cbaffa18678384edb2ff3a"},"breadcrumb":{"@id":"https:\/\/abeille.law\/association-interet-agir-justice\/#breadcrumb"},"inLanguage":"en-US","potentialAction":[{"@type":"ReadAction","target":["https:\/\/abeille.law\/association-interet-agir-justice\/"]}]},{"@type":"BreadcrumbList","@id":"https:\/\/abeille.law\/association-interet-agir-justice\/#breadcrumb","itemListElement":[{"@type":"ListItem","position":1,"name":"Accueil","item":"https:\/\/abeille.law\/en\/"},{"@type":"ListItem","position":2,"name":"Int\u00e9r\u00eat \u00e0 agir en justice d\u2019une association"}]},{"@type":"WebSite","@id":"https:\/\/abeille.law\/#website","url":"https:\/\/abeille.law\/","name":"Abeille Avocats","description":"","alternateName":"Abeille Avocats","potentialAction":[{"@type":"SearchAction","target":{"@type":"EntryPoint","urlTemplate":"https:\/\/abeille.law\/?s={search_term_string}"},"query-input":{"@type":"PropertyValueSpecification","valueRequired":true,"valueName":"search_term_string"}}],"inLanguage":"en-US"},{"@type":"Person","@id":"https:\/\/abeille.law\/#\/schema\/person\/e4542ce115cbaffa18678384edb2ff3a","name":"abeille","image":{"@type":"ImageObject","inLanguage":"en-US","@id":"https:\/\/abeille.law\/#\/schema\/person\/image\/","url":"https:\/\/abeille.law\/wp-content\/litespeed\/avatar\/2fb2fba12ee04aaa181ee5a23ebd4173.jpg?ver=1777551493","contentUrl":"https:\/\/abeille.law\/wp-content\/litespeed\/avatar\/2fb2fba12ee04aaa181ee5a23ebd4173.jpg?ver=1777551493","caption":"abeille"},"sameAs":["http:\/\/abeille.test"]}]}},"_links":{"self":[{"href":"https:\/\/abeille.law\/en\/wp-json\/wp\/v2\/posts\/9703","targetHints":{"allow":["GET"]}}],"collection":[{"href":"https:\/\/abeille.law\/en\/wp-json\/wp\/v2\/posts"}],"about":[{"href":"https:\/\/abeille.law\/en\/wp-json\/wp\/v2\/types\/post"}],"author":[{"embeddable":true,"href":"https:\/\/abeille.law\/en\/wp-json\/wp\/v2\/users\/1"}],"replies":[{"embeddable":true,"href":"https:\/\/abeille.law\/en\/wp-json\/wp\/v2\/comments?post=9703"}],"version-history":[{"count":0,"href":"https:\/\/abeille.law\/en\/wp-json\/wp\/v2\/posts\/9703\/revisions"}],"wp:attachment":[{"href":"https:\/\/abeille.law\/en\/wp-json\/wp\/v2\/media?parent=9703"}],"wp:term":[{"taxonomy":"category","embeddable":true,"href":"https:\/\/abeille.law\/en\/wp-json\/wp\/v2\/categories?post=9703"},{"taxonomy":"post_tag","embeddable":true,"href":"https:\/\/abeille.law\/en\/wp-json\/wp\/v2\/tags?post=9703"}],"curies":[{"name":"wp","href":"https:\/\/api.w.org\/{rel}","templated":true}]}}