{"id":13938,"date":"2025-02-03T10:09:00","date_gmt":"2025-02-03T10:09:00","guid":{"rendered":"https:\/\/abeille.law\/?p=13938"},"modified":"2026-02-03T10:16:20","modified_gmt":"2026-02-03T10:16:20","slug":"avocat-droit-public-marseille","status":"publish","type":"post","link":"https:\/\/abeille.law\/en\/avocat-droit-public-marseille\/","title":{"rendered":"Avocats en droit public \u00e0 Marseille"},"content":{"rendered":"\n<p>Abeille est un cabinet d\u2019avocats en <strong>droit public \u00e0 Marseille<\/strong>, intervenant aux c\u00f4t\u00e9s des collectivit\u00e9s territoriales, \u00e9tablissements publics, entreprises concessionnaires et op\u00e9rateurs priv\u00e9s engag\u00e9s dans des projets relevant du <strong>droit public des affaires<\/strong>.<\/p>\n\n\n\n<p>Le cabinet accompagne ses clients en <strong>conseil comme en contentieux administratif<\/strong>, sur des dossiers o\u00f9 le droit public constitue un levier structurant de l\u2019action publique, de la commande publique ou des op\u00e9rations \u00e9conomiques impliquant des personnes publiques.<\/p>\n\n\n\n<p>Cette expertise est r\u00e9guli\u00e8rement reconnue :<br><strong>Abeille Avocats a \u00e9t\u00e9 <\/strong><a href=\"https:\/\/marseille.palmaresdudroit.fr\/laureats\/2024\/palmares-2024.html\"><strong>class\u00e9 1er cabinet en droit public par le Palmar\u00e8s du Droit <\/strong><\/a><strong>en 2023 et 2024, puis 2e en 2025.<\/strong><\/p>\n\n\n\n<p><\/p>\n\n\n\n<h2 class=\"wp-block-heading\"><strong>Une pratique du droit public orient\u00e9e strat\u00e9gie et d\u00e9cision<\/strong><\/h2>\n\n\n\n<p>Le droit public n\u2019est pas un droit abstrait.<br>Il encadre des d\u00e9cisions engageant des responsabilit\u00e9s politiques, financi\u00e8res et op\u00e9rationnelles, souvent sous contrainte de temps et d\u2019exposition contentieuse.<\/p>\n\n\n\n<p>Notre approche du <strong>droit public des affaires<\/strong> repose sur une compr\u00e9hension fine :<\/p>\n\n\n\n<ul class=\"wp-block-list\">\n<li>des m\u00e9canismes institutionnels,<\/li>\n\n\n\n<li>des contraintes propres \u00e0 l\u2019action administrative,<\/li>\n\n\n\n<li>et des enjeux \u00e9conomiques attach\u00e9s aux projets publics.<br><\/li>\n<\/ul>\n\n\n\n<p>L\u2019intervention du cabinet vise \u00e0 s\u00e9curiser juridiquement les d\u00e9cisions, sans entraver leur mise en \u0153uvre, et \u00e0 accompagner les acteurs publics et priv\u00e9s dans des environnements normatifs complexes.<\/p>\n\n\n\n<p><\/p>\n\n\n\n<h2 class=\"wp-block-heading\"><strong>Nos domaines d\u2019intervention en droit public \u00e0 Marseille<\/strong><\/h2>\n\n\n\n<p><\/p>\n\n\n\n<h3 class=\"wp-block-heading\"><strong>Collectivit\u00e9s territoriales &amp; intercommunalit\u00e9s<\/strong><\/h3>\n\n\n\n<p>Nous accompagnons les communes, m\u00e9tropoles, d\u00e9partements et EPCI dans l\u2019exercice de leurs comp\u00e9tences, la structuration de leurs projets et la s\u00e9curisation de leurs actes administratifs, en conseil comme en contentieux administratif.<\/p>\n\n\n\n<p><a href=\"https:\/\/abeille.law\/expertise\/collectivites-territoriales-intercommunalites\/\">\u2192 Nos avocats en droit des collectivit\u00e9s territoriales<\/a><\/p>\n\n\n\n<p><\/p>\n\n\n\n<h3 class=\"wp-block-heading\"><strong>Commande publique<\/strong><\/h3>\n\n\n\n<p>Le cabinet intervient sur l\u2019ensemble du cycle de la commande publique : d\u00e9finition du besoin, choix des proc\u00e9dures, r\u00e9daction contractuelle et gestion des litiges li\u00e9s \u00e0 la passation et \u00e0 l\u2019ex\u00e9cution des march\u00e9s publics devant les juridictions administratives.<\/p>\n\n\n\n<p><a href=\"https:\/\/abeille.law\/expertise\/commande-publique\/\">\u2192 Nos avocats en droit de la commande publique et des march\u00e9s publics<\/a><\/p>\n\n\n\n<p><\/p>\n\n\n\n<h3 class=\"wp-block-heading\"><strong>Fonction publique<\/strong><\/h3>\n\n\n\n<p>Abeille Avocats accompagne les employeurs publics, fonctionnaires et agents contractuels sur les probl\u00e9matiques statutaires, disciplinaires, de carri\u00e8re et de protection fonctionnelle, en conseil comme en contentieux administratif.<\/p>\n\n\n\n<p><a href=\"https:\/\/abeille.law\/expertise\/fonction-publique\/\">\u2192 Nos avocats en droit de la fonction publique&nbsp;<\/a><\/p>\n\n\n\n<p><\/p>\n\n\n\n<h3 class=\"wp-block-heading\"><strong>Propri\u00e9t\u00e9 publique et domanialit\u00e9 publique<\/strong><\/h3>\n\n\n\n<p>Nous intervenons sur les questions de propri\u00e9t\u00e9 publique et de domanialit\u00e9 publique, notamment en mati\u00e8re d\u2019occupation du domaine public, de redevances, de classement et de d\u00e9classement, ainsi que dans les contentieux aff\u00e9rents.<\/p>\n\n\n\n<p><a href=\"https:\/\/abeille.law\/expertise\/propriete-publique-domanialite-publique\/\">\u2192 Nos avocats en propri\u00e9t\u00e9 publique et domanialit\u00e9 publique<\/a><\/p>\n\n\n\n<p><\/p>\n\n\n\n<h3 class=\"wp-block-heading\"><strong>Urbanisme et am\u00e9nagement<\/strong><\/h3>\n\n\n\n<p>Le cabinet accompagne les acteurs publics et priv\u00e9s sur les autorisations d\u2019urbanisme, la planification territoriale, les projets d\u2019am\u00e9nagement et les contentieux li\u00e9s aux op\u00e9rations d\u2019urbanisme.<\/p>\n\n\n\n<p><a href=\"https:\/\/abeille.law\/expertise\/urbanisme-amenagement\/\">\u2192 Nos avocats en droit de l\u2019urbanisme et de l\u2019am\u00e9nagement<\/a><\/p>\n\n\n\n<p><\/p>\n\n\n\n<h3 class=\"wp-block-heading\"><strong>Responsabilit\u00e9 administrative<\/strong><\/h3>\n\n\n\n<p>Abeille Avocats intervient en mati\u00e8re de responsabilit\u00e9 administrative, notamment en cas de dommages de travaux publics, d\u2019actes administratifs ill\u00e9gaux ou de mise en cause des pouvoirs de police administrative, tant en conseil qu\u2019en contentieux.<\/p>\n\n\n\n<p><a href=\"https:\/\/abeille.law\/expertise\/responsabilite-administrative\/\">\u2192 Nos avocats en responsabilit\u00e9 administrative<\/a><\/p>\n\n\n\n<p><\/p>\n\n\n\n<h2 class=\"wp-block-heading\"><strong>\u00c0 quels moments solliciter un avocat en droit public ?<\/strong><\/h2>\n\n\n\n<p>Le recours \u00e0 un avocat en droit public des affaires s\u2019av\u00e8re d\u00e9terminant :<\/p>\n\n\n\n<ul class=\"wp-block-list\">\n<li>en amont de d\u00e9cisions administratives sensibles,<\/li>\n\n\n\n<li>lors de la structuration de projets contractuels ou d\u2019op\u00e9rations publiques,<\/li>\n\n\n\n<li>en situation de pr\u00e9contentieux ou de contentieux administratif.<br><\/li>\n<\/ul>\n\n\n\n<p>Un accompagnement anticip\u00e9 permet souvent de r\u00e9duire l\u2019exposition contentieuse, de s\u00e9curiser les projets et de pr\u00e9server la continuit\u00e9 de l\u2019action publique.<\/p>\n\n\n\n<p><\/p>\n\n\n\n<h2 class=\"wp-block-heading\"><strong>Nos avocats<\/strong><\/h2>\n\n\n\n<p>Le d\u00e9partement droit public d\u2019Abeille Avocats r\u00e9unit des avocats aux comp\u00e9tences compl\u00e9mentaires, habitu\u00e9s \u00e0 intervenir sur des dossiers complexes et \u00e0 forts enjeux institutionnels et \u00e9conomiques.<a href=\"https:\/\/abeille.law\/equipe\/\">\u2192 <strong>&nbsp;<\/strong>D\u00e9couvrir l\u2019\u00e9quipe<\/a><\/p>\n\n\n\n<p><\/p>\n","protected":false},"excerpt":{"rendered":"<p>Abeille est un cabinet d\u2019avocats en droit public \u00e0 Marseille, intervenant aux c\u00f4t\u00e9s des collectivit\u00e9s territoriales, \u00e9tablissements publics, entreprises concessionnaires et op\u00e9rateurs priv\u00e9s engag\u00e9s dans des projets relevant du droit public des affaires. Le cabinet accompagne ses clients en conseil comme en contentieux administratif, sur des dossiers o\u00f9 le droit public constitue un levier structurant [&hellip;]<\/p>\n","protected":false},"author":4,"featured_media":0,"comment_status":"open","ping_status":"open","sticky":false,"template":"","format":"standard","meta":{"_acf_changed":false,"footnotes":""},"categories":[253],"tags":[283],"class_list":["post-13938","post","type-post","status-publish","format-standard","hentry","category-format","tag-droit-public"],"acf":[],"yoast_head":"<!-- This site is optimized with the Yoast SEO plugin v27.1.1 - https:\/\/yoast.com\/product\/yoast-seo-wordpress\/ -->\n<title>Avocat en droit public \u00e0 Marseille | Droit public des affaires<\/title>\n<meta name=\"description\" content=\"Cabinet d\u2019avocats en droit public \u00e0 Marseille, Abeille Avocats accompagne collectivit\u00e9s, \u00e9tablissements publics et entreprises en conseil et contentieux administratif.\" \/>\n<meta name=\"robots\" content=\"index, follow, max-snippet:-1, max-image-preview:large, max-video-preview:-1\" \/>\n<link rel=\"canonical\" href=\"https:\/\/abeille.law\/avocat-droit-public-marseille\/\" \/>\n<meta property=\"og:locale\" content=\"en_US\" \/>\n<meta property=\"og:type\" content=\"article\" \/>\n<meta property=\"og:title\" content=\"Avocat en droit public \u00e0 Marseille | Droit public des affaires\" \/>\n<meta property=\"og:description\" content=\"Cabinet d\u2019avocats en droit public \u00e0 Marseille, Abeille Avocats accompagne collectivit\u00e9s, \u00e9tablissements publics et entreprises en conseil et contentieux administratif.\" \/>\n<meta property=\"og:url\" content=\"https:\/\/abeille.law\/avocat-droit-public-marseille\/\" \/>\n<meta property=\"og:site_name\" content=\"Abeille Avocats\" \/>\n<meta property=\"article:published_time\" content=\"2025-02-03T10:09:00+00:00\" \/>\n<meta property=\"article:modified_time\" content=\"2026-02-03T10:16:20+00:00\" \/>\n<meta name=\"author\" content=\"Digital\" \/>\n<meta name=\"twitter:card\" content=\"summary_large_image\" \/>\n<meta name=\"twitter:label1\" content=\"Written by\" \/>\n\t<meta name=\"twitter:data1\" content=\"Digital\" \/>\n\t<meta name=\"twitter:label2\" content=\"Est. reading time\" \/>\n\t<meta name=\"twitter:data2\" content=\"3 minutes\" \/>\n<script type=\"application\/ld+json\" class=\"yoast-schema-graph\">{\"@context\":\"https:\/\/schema.org\",\"@graph\":[{\"@type\":\"Article\",\"@id\":\"https:\/\/abeille.law\/avocat-droit-public-marseille\/#article\",\"isPartOf\":{\"@id\":\"https:\/\/abeille.law\/avocat-droit-public-marseille\/\"},\"author\":{\"name\":\"Digital\",\"@id\":\"https:\/\/abeille.law\/#\/schema\/person\/9154cc87ae0aa025281dde41ace7201d\"},\"headline\":\"Avocats en droit public \u00e0 Marseille\",\"datePublished\":\"2025-02-03T10:09:00+00:00\",\"dateModified\":\"2026-02-03T10:16:20+00:00\",\"mainEntityOfPage\":{\"@id\":\"https:\/\/abeille.law\/avocat-droit-public-marseille\/\"},\"wordCount\":632,\"commentCount\":0,\"keywords\":[\"droit public\"],\"articleSection\":[\"Actualit\u00e9s\"],\"inLanguage\":\"en-US\",\"potentialAction\":[{\"@type\":\"CommentAction\",\"name\":\"Comment\",\"target\":[\"https:\/\/abeille.law\/avocat-droit-public-marseille\/#respond\"]}]},{\"@type\":\"WebPage\",\"@id\":\"https:\/\/abeille.law\/avocat-droit-public-marseille\/\",\"url\":\"https:\/\/abeille.law\/avocat-droit-public-marseille\/\",\"name\":\"Avocat en droit public \u00e0 Marseille | Droit public des affaires\",\"isPartOf\":{\"@id\":\"https:\/\/abeille.law\/#website\"},\"datePublished\":\"2025-02-03T10:09:00+00:00\",\"dateModified\":\"2026-02-03T10:16:20+00:00\",\"author\":{\"@id\":\"https:\/\/abeille.law\/#\/schema\/person\/9154cc87ae0aa025281dde41ace7201d\"},\"description\":\"Cabinet d\u2019avocats en droit public \u00e0 Marseille, Abeille Avocats accompagne collectivit\u00e9s, \u00e9tablissements publics et entreprises en conseil et contentieux administratif.\",\"breadcrumb\":{\"@id\":\"https:\/\/abeille.law\/avocat-droit-public-marseille\/#breadcrumb\"},\"inLanguage\":\"en-US\",\"potentialAction\":[{\"@type\":\"ReadAction\",\"target\":[\"https:\/\/abeille.law\/avocat-droit-public-marseille\/\"]}]},{\"@type\":\"BreadcrumbList\",\"@id\":\"https:\/\/abeille.law\/avocat-droit-public-marseille\/#breadcrumb\",\"itemListElement\":[{\"@type\":\"ListItem\",\"position\":1,\"name\":\"Accueil\",\"item\":\"https:\/\/abeille.law\/en\/\"},{\"@type\":\"ListItem\",\"position\":2,\"name\":\"Avocats en droit public \u00e0 Marseille\"}]},{\"@type\":\"WebSite\",\"@id\":\"https:\/\/abeille.law\/#website\",\"url\":\"https:\/\/abeille.law\/\",\"name\":\"Abeille Avocats\",\"description\":\"\",\"alternateName\":\"Abeille Avocats\",\"potentialAction\":[{\"@type\":\"SearchAction\",\"target\":{\"@type\":\"EntryPoint\",\"urlTemplate\":\"https:\/\/abeille.law\/?s={search_term_string}\"},\"query-input\":{\"@type\":\"PropertyValueSpecification\",\"valueRequired\":true,\"valueName\":\"search_term_string\"}}],\"inLanguage\":\"en-US\"},{\"@type\":\"Person\",\"@id\":\"https:\/\/abeille.law\/#\/schema\/person\/9154cc87ae0aa025281dde41ace7201d\",\"name\":\"Digital\",\"image\":{\"@type\":\"ImageObject\",\"inLanguage\":\"en-US\",\"@id\":\"https:\/\/abeille.law\/#\/schema\/person\/image\/\",\"url\":\"https:\/\/abeille.law\/wp-content\/litespeed\/avatar\/876e4d2713c3e0fa823b32b16f8063f0.jpg?ver=1776958112\",\"contentUrl\":\"https:\/\/abeille.law\/wp-content\/litespeed\/avatar\/876e4d2713c3e0fa823b32b16f8063f0.jpg?ver=1776958112\",\"caption\":\"Digital\"}}]}<\/script>\n<!-- \/ Yoast SEO plugin. -->","yoast_head_json":{"title":"Avocat en droit public \u00e0 Marseille | Droit public des affaires","description":"Cabinet d\u2019avocats en droit public \u00e0 Marseille, Abeille Avocats accompagne collectivit\u00e9s, \u00e9tablissements publics et entreprises en conseil et contentieux administratif.","robots":{"index":"index","follow":"follow","max-snippet":"max-snippet:-1","max-image-preview":"max-image-preview:large","max-video-preview":"max-video-preview:-1"},"canonical":"https:\/\/abeille.law\/avocat-droit-public-marseille\/","og_locale":"en_US","og_type":"article","og_title":"Avocat en droit public \u00e0 Marseille | Droit public des affaires","og_description":"Cabinet d\u2019avocats en droit public \u00e0 Marseille, Abeille Avocats accompagne collectivit\u00e9s, \u00e9tablissements publics et entreprises en conseil et contentieux administratif.","og_url":"https:\/\/abeille.law\/avocat-droit-public-marseille\/","og_site_name":"Abeille Avocats","article_published_time":"2025-02-03T10:09:00+00:00","article_modified_time":"2026-02-03T10:16:20+00:00","author":"Digital","twitter_card":"summary_large_image","twitter_misc":{"Written by":"Digital","Est. reading time":"3 minutes"},"schema":{"@context":"https:\/\/schema.org","@graph":[{"@type":"Article","@id":"https:\/\/abeille.law\/avocat-droit-public-marseille\/#article","isPartOf":{"@id":"https:\/\/abeille.law\/avocat-droit-public-marseille\/"},"author":{"name":"Digital","@id":"https:\/\/abeille.law\/#\/schema\/person\/9154cc87ae0aa025281dde41ace7201d"},"headline":"Avocats en droit public \u00e0 Marseille","datePublished":"2025-02-03T10:09:00+00:00","dateModified":"2026-02-03T10:16:20+00:00","mainEntityOfPage":{"@id":"https:\/\/abeille.law\/avocat-droit-public-marseille\/"},"wordCount":632,"commentCount":0,"keywords":["droit public"],"articleSection":["Actualit\u00e9s"],"inLanguage":"en-US","potentialAction":[{"@type":"CommentAction","name":"Comment","target":["https:\/\/abeille.law\/avocat-droit-public-marseille\/#respond"]}]},{"@type":"WebPage","@id":"https:\/\/abeille.law\/avocat-droit-public-marseille\/","url":"https:\/\/abeille.law\/avocat-droit-public-marseille\/","name":"Avocat en droit public \u00e0 Marseille | Droit public des affaires","isPartOf":{"@id":"https:\/\/abeille.law\/#website"},"datePublished":"2025-02-03T10:09:00+00:00","dateModified":"2026-02-03T10:16:20+00:00","author":{"@id":"https:\/\/abeille.law\/#\/schema\/person\/9154cc87ae0aa025281dde41ace7201d"},"description":"Cabinet d\u2019avocats en droit public \u00e0 Marseille, Abeille Avocats accompagne collectivit\u00e9s, \u00e9tablissements publics et entreprises en conseil et contentieux administratif.","breadcrumb":{"@id":"https:\/\/abeille.law\/avocat-droit-public-marseille\/#breadcrumb"},"inLanguage":"en-US","potentialAction":[{"@type":"ReadAction","target":["https:\/\/abeille.law\/avocat-droit-public-marseille\/"]}]},{"@type":"BreadcrumbList","@id":"https:\/\/abeille.law\/avocat-droit-public-marseille\/#breadcrumb","itemListElement":[{"@type":"ListItem","position":1,"name":"Accueil","item":"https:\/\/abeille.law\/en\/"},{"@type":"ListItem","position":2,"name":"Avocats en droit public \u00e0 Marseille"}]},{"@type":"WebSite","@id":"https:\/\/abeille.law\/#website","url":"https:\/\/abeille.law\/","name":"Abeille Avocats","description":"","alternateName":"Abeille Avocats","potentialAction":[{"@type":"SearchAction","target":{"@type":"EntryPoint","urlTemplate":"https:\/\/abeille.law\/?s={search_term_string}"},"query-input":{"@type":"PropertyValueSpecification","valueRequired":true,"valueName":"search_term_string"}}],"inLanguage":"en-US"},{"@type":"Person","@id":"https:\/\/abeille.law\/#\/schema\/person\/9154cc87ae0aa025281dde41ace7201d","name":"Digital","image":{"@type":"ImageObject","inLanguage":"en-US","@id":"https:\/\/abeille.law\/#\/schema\/person\/image\/","url":"https:\/\/abeille.law\/wp-content\/litespeed\/avatar\/876e4d2713c3e0fa823b32b16f8063f0.jpg?ver=1776958112","contentUrl":"https:\/\/abeille.law\/wp-content\/litespeed\/avatar\/876e4d2713c3e0fa823b32b16f8063f0.jpg?ver=1776958112","caption":"Digital"}}]}},"_links":{"self":[{"href":"https:\/\/abeille.law\/en\/wp-json\/wp\/v2\/posts\/13938","targetHints":{"allow":["GET"]}}],"collection":[{"href":"https:\/\/abeille.law\/en\/wp-json\/wp\/v2\/posts"}],"about":[{"href":"https:\/\/abeille.law\/en\/wp-json\/wp\/v2\/types\/post"}],"author":[{"embeddable":true,"href":"https:\/\/abeille.law\/en\/wp-json\/wp\/v2\/users\/4"}],"replies":[{"embeddable":true,"href":"https:\/\/abeille.law\/en\/wp-json\/wp\/v2\/comments?post=13938"}],"version-history":[{"count":2,"href":"https:\/\/abeille.law\/en\/wp-json\/wp\/v2\/posts\/13938\/revisions"}],"predecessor-version":[{"id":13941,"href":"https:\/\/abeille.law\/en\/wp-json\/wp\/v2\/posts\/13938\/revisions\/13941"}],"wp:attachment":[{"href":"https:\/\/abeille.law\/en\/wp-json\/wp\/v2\/media?parent=13938"}],"wp:term":[{"taxonomy":"category","embeddable":true,"href":"https:\/\/abeille.law\/en\/wp-json\/wp\/v2\/categories?post=13938"},{"taxonomy":"post_tag","embeddable":true,"href":"https:\/\/abeille.law\/en\/wp-json\/wp\/v2\/tags?post=13938"}],"curies":[{"name":"wp","href":"https:\/\/api.w.org\/{rel}","templated":true}]}}