{"id":13727,"date":"2025-10-28T10:09:15","date_gmt":"2025-10-28T10:09:15","guid":{"rendered":"https:\/\/abeille.law\/?p=13727"},"modified":"2025-11-03T10:10:19","modified_gmt":"2025-11-03T10:10:19","slug":"cumul-dactivites-non-declare-la-revocation-dun-agent-validee-par-le-juge-administratif","status":"publish","type":"post","link":"https:\/\/abeille.law\/en\/cumul-dactivites-non-declare-la-revocation-dun-agent-validee-par-le-juge-administratif\/","title":{"rendered":"Cumul d\u2019activit\u00e9s non d\u00e9clar\u00e9 : la r\u00e9vocation d\u2019un agent valid\u00e9e par le juge administratif."},"content":{"rendered":"\n<p><em>Tribunal administratif, Cergy-Pontoise, 3e chambre, 3 Juillet 2025 \u2013 n\u00b0 2401939<\/em><\/p>\n\n\n\n<p><strong>Par un jugement du 3 juillet 2025, le tribunal administratif de Cergy-Pontoise a confirm\u00e9 la r\u00e9vocation d\u2019un agent territorial pour cumul d\u2019activit\u00e9s lucratives non d\u00e9clar\u00e9, constitutif d\u2019un manquement d\u00e9ontologique.<\/strong><\/p>\n\n\n\n<p>Entre 2016 et 2023, l\u2019agent a cr\u00e9\u00e9 et dirig\u00e9 plusieurs soci\u00e9t\u00e9s sans en informer sa hi\u00e9rarchie, donc sans recueillir l\u2019autorisation de cette derni\u00e8re, alors qu\u2019il \u00e9tait en disponibilit\u00e9, en arr\u00eat maladie ou en autorisation sp\u00e9ciale d\u2019absence.<\/p>\n\n\n\n<p>Les \u00e9l\u00e9ments recueillis par une agence de recherches priv\u00e9es ont \u00e9t\u00e9 jug\u00e9s recevables : les surveillances, limit\u00e9es dans le temps et men\u00e9es dans des lieux publics, n\u2019ont pas port\u00e9 atteinte \u00e0 la vie priv\u00e9e.<\/p>\n\n\n\n<p>Le tribunal souligne la dur\u00e9e des faits (plus de six ans), le r\u00f4le actif de l\u2019agent (g\u00e9rant de soci\u00e9t\u00e9s avec 19 salari\u00e9s), la perception d\u2019une r\u00e9mun\u00e9ration publique pendant cette p\u00e9riode, ainsi que son refus de suivre une formation d\u00e9ontologique.<\/p>\n\n\n\n<p>L\u2019absence d\u2019autorisation formelle et l\u2019impossibilit\u00e9 de prouver une information informelle de la hi\u00e9rarchie ont \u00e9galement \u00e9t\u00e9 retenues.<\/p>\n\n\n\n<p>Dans ces conditions, la r\u00e9vocation a \u00e9t\u00e9 jug\u00e9e proportionn\u00e9e, malgr\u00e9 l\u2019absence d\u2019ant\u00e9c\u00e9dents disciplinaires.<\/p>\n","protected":false},"excerpt":{"rendered":"<p>Tribunal administratif, Cergy-Pontoise, 3e chambre, 3 Juillet 2025 \u2013 n\u00b0 2401939 Par un jugement du 3 juillet 2025, le tribunal administratif de Cergy-Pontoise a confirm\u00e9 la r\u00e9vocation d\u2019un agent territorial pour cumul d\u2019activit\u00e9s lucratives non d\u00e9clar\u00e9, constitutif d\u2019un manquement d\u00e9ontologique. Entre 2016 et 2023, l\u2019agent a cr\u00e9\u00e9 et dirig\u00e9 plusieurs soci\u00e9t\u00e9s sans en informer sa [&hellip;]<\/p>\n","protected":false},"author":7,"featured_media":0,"comment_status":"open","ping_status":"open","sticky":false,"template":"","format":"standard","meta":{"_acf_changed":false,"footnotes":""},"categories":[253,190],"tags":[],"class_list":["post-13727","post","type-post","status-publish","format-standard","hentry","category-format","category-juridiques"],"acf":[],"yoast_head":"<!-- This site is optimized with the Yoast SEO plugin v27.1.1 - https:\/\/yoast.com\/product\/yoast-seo-wordpress\/ -->\n<title>Cumul d\u2019activit\u00e9s non d\u00e9clar\u00e9 : la r\u00e9vocation d\u2019un agent valid\u00e9e par le juge administratif. | Abeille Avocats<\/title>\n<meta name=\"description\" content=\"Le tribunal a confirm\u00e9 la r\u00e9vocation d\u2019un agent pour cumul d\u2019activit\u00e9s non d\u00e9clar\u00e9.\" \/>\n<meta name=\"robots\" content=\"index, follow, max-snippet:-1, max-image-preview:large, max-video-preview:-1\" \/>\n<link rel=\"canonical\" href=\"https:\/\/abeille.law\/cumul-dactivites-non-declare-la-revocation-dun-agent-validee-par-le-juge-administratif\/\" \/>\n<meta property=\"og:locale\" content=\"en_US\" \/>\n<meta property=\"og:type\" content=\"article\" \/>\n<meta property=\"og:title\" content=\"Cumul d\u2019activit\u00e9s non d\u00e9clar\u00e9 : la r\u00e9vocation d\u2019un agent valid\u00e9e par le juge administratif. | Abeille Avocats\" \/>\n<meta property=\"og:description\" content=\"Le tribunal a confirm\u00e9 la r\u00e9vocation d\u2019un agent pour cumul d\u2019activit\u00e9s non d\u00e9clar\u00e9.\" \/>\n<meta property=\"og:url\" content=\"https:\/\/abeille.law\/cumul-dactivites-non-declare-la-revocation-dun-agent-validee-par-le-juge-administratif\/\" \/>\n<meta property=\"og:site_name\" content=\"Abeille Avocats\" \/>\n<meta property=\"article:published_time\" content=\"2025-10-28T10:09:15+00:00\" \/>\n<meta property=\"article:modified_time\" content=\"2025-11-03T10:10:19+00:00\" \/>\n<meta name=\"author\" content=\"Lucile\" \/>\n<meta name=\"twitter:card\" content=\"summary_large_image\" \/>\n<meta name=\"twitter:label1\" content=\"Written by\" \/>\n\t<meta name=\"twitter:data1\" content=\"Lucile\" \/>\n\t<meta name=\"twitter:label2\" content=\"Est. reading time\" \/>\n\t<meta name=\"twitter:data2\" content=\"1 minute\" \/>\n<script type=\"application\/ld+json\" class=\"yoast-schema-graph\">{\"@context\":\"https:\/\/schema.org\",\"@graph\":[{\"@type\":\"Article\",\"@id\":\"https:\/\/abeille.law\/cumul-dactivites-non-declare-la-revocation-dun-agent-validee-par-le-juge-administratif\/#article\",\"isPartOf\":{\"@id\":\"https:\/\/abeille.law\/cumul-dactivites-non-declare-la-revocation-dun-agent-validee-par-le-juge-administratif\/\"},\"author\":{\"name\":\"Lucile\",\"@id\":\"https:\/\/abeille.law\/#\/schema\/person\/4103055647ee877351aacd5bd7a7be49\"},\"headline\":\"Cumul d\u2019activit\u00e9s non d\u00e9clar\u00e9 : la r\u00e9vocation d\u2019un agent valid\u00e9e par le juge administratif.\",\"datePublished\":\"2025-10-28T10:09:15+00:00\",\"dateModified\":\"2025-11-03T10:10:19+00:00\",\"mainEntityOfPage\":{\"@id\":\"https:\/\/abeille.law\/cumul-dactivites-non-declare-la-revocation-dun-agent-validee-par-le-juge-administratif\/\"},\"wordCount\":234,\"commentCount\":0,\"articleSection\":[\"Actualit\u00e9s\",\"Juridiques\"],\"inLanguage\":\"en-US\",\"potentialAction\":[{\"@type\":\"CommentAction\",\"name\":\"Comment\",\"target\":[\"https:\/\/abeille.law\/cumul-dactivites-non-declare-la-revocation-dun-agent-validee-par-le-juge-administratif\/#respond\"]}]},{\"@type\":\"WebPage\",\"@id\":\"https:\/\/abeille.law\/cumul-dactivites-non-declare-la-revocation-dun-agent-validee-par-le-juge-administratif\/\",\"url\":\"https:\/\/abeille.law\/cumul-dactivites-non-declare-la-revocation-dun-agent-validee-par-le-juge-administratif\/\",\"name\":\"Cumul d\u2019activit\u00e9s non d\u00e9clar\u00e9 : la r\u00e9vocation d\u2019un agent valid\u00e9e par le juge administratif. | Abeille Avocats\",\"isPartOf\":{\"@id\":\"https:\/\/abeille.law\/#website\"},\"datePublished\":\"2025-10-28T10:09:15+00:00\",\"dateModified\":\"2025-11-03T10:10:19+00:00\",\"author\":{\"@id\":\"https:\/\/abeille.law\/#\/schema\/person\/4103055647ee877351aacd5bd7a7be49\"},\"description\":\"Le tribunal a confirm\u00e9 la r\u00e9vocation d\u2019un agent pour cumul d\u2019activit\u00e9s non d\u00e9clar\u00e9.\",\"breadcrumb\":{\"@id\":\"https:\/\/abeille.law\/cumul-dactivites-non-declare-la-revocation-dun-agent-validee-par-le-juge-administratif\/#breadcrumb\"},\"inLanguage\":\"en-US\",\"potentialAction\":[{\"@type\":\"ReadAction\",\"target\":[\"https:\/\/abeille.law\/cumul-dactivites-non-declare-la-revocation-dun-agent-validee-par-le-juge-administratif\/\"]}]},{\"@type\":\"BreadcrumbList\",\"@id\":\"https:\/\/abeille.law\/cumul-dactivites-non-declare-la-revocation-dun-agent-validee-par-le-juge-administratif\/#breadcrumb\",\"itemListElement\":[{\"@type\":\"ListItem\",\"position\":1,\"name\":\"Accueil\",\"item\":\"https:\/\/abeille.law\/en\/\"},{\"@type\":\"ListItem\",\"position\":2,\"name\":\"Cumul d\u2019activit\u00e9s non d\u00e9clar\u00e9 : la r\u00e9vocation d\u2019un agent valid\u00e9e par le juge administratif.\"}]},{\"@type\":\"WebSite\",\"@id\":\"https:\/\/abeille.law\/#website\",\"url\":\"https:\/\/abeille.law\/\",\"name\":\"Abeille Avocats\",\"description\":\"\",\"alternateName\":\"Abeille Avocats\",\"potentialAction\":[{\"@type\":\"SearchAction\",\"target\":{\"@type\":\"EntryPoint\",\"urlTemplate\":\"https:\/\/abeille.law\/?s={search_term_string}\"},\"query-input\":{\"@type\":\"PropertyValueSpecification\",\"valueRequired\":true,\"valueName\":\"search_term_string\"}}],\"inLanguage\":\"en-US\"},{\"@type\":\"Person\",\"@id\":\"https:\/\/abeille.law\/#\/schema\/person\/4103055647ee877351aacd5bd7a7be49\",\"name\":\"Lucile\",\"image\":{\"@type\":\"ImageObject\",\"inLanguage\":\"en-US\",\"@id\":\"https:\/\/abeille.law\/#\/schema\/person\/image\/\",\"url\":\"https:\/\/abeille.law\/wp-content\/litespeed\/avatar\/95d953d5544b5efa36efad57db70c259.jpg?ver=1777550419\",\"contentUrl\":\"https:\/\/abeille.law\/wp-content\/litespeed\/avatar\/95d953d5544b5efa36efad57db70c259.jpg?ver=1777550419\",\"caption\":\"Lucile\"}}]}<\/script>\n<!-- \/ Yoast SEO plugin. -->","yoast_head_json":{"title":"Cumul d\u2019activit\u00e9s non d\u00e9clar\u00e9 : la r\u00e9vocation d\u2019un agent valid\u00e9e par le juge administratif. | Abeille Avocats","description":"Le tribunal a confirm\u00e9 la r\u00e9vocation d\u2019un agent pour cumul d\u2019activit\u00e9s non d\u00e9clar\u00e9.","robots":{"index":"index","follow":"follow","max-snippet":"max-snippet:-1","max-image-preview":"max-image-preview:large","max-video-preview":"max-video-preview:-1"},"canonical":"https:\/\/abeille.law\/cumul-dactivites-non-declare-la-revocation-dun-agent-validee-par-le-juge-administratif\/","og_locale":"en_US","og_type":"article","og_title":"Cumul d\u2019activit\u00e9s non d\u00e9clar\u00e9 : la r\u00e9vocation d\u2019un agent valid\u00e9e par le juge administratif. | Abeille Avocats","og_description":"Le tribunal a confirm\u00e9 la r\u00e9vocation d\u2019un agent pour cumul d\u2019activit\u00e9s non d\u00e9clar\u00e9.","og_url":"https:\/\/abeille.law\/cumul-dactivites-non-declare-la-revocation-dun-agent-validee-par-le-juge-administratif\/","og_site_name":"Abeille Avocats","article_published_time":"2025-10-28T10:09:15+00:00","article_modified_time":"2025-11-03T10:10:19+00:00","author":"Lucile","twitter_card":"summary_large_image","twitter_misc":{"Written by":"Lucile","Est. reading time":"1 minute"},"schema":{"@context":"https:\/\/schema.org","@graph":[{"@type":"Article","@id":"https:\/\/abeille.law\/cumul-dactivites-non-declare-la-revocation-dun-agent-validee-par-le-juge-administratif\/#article","isPartOf":{"@id":"https:\/\/abeille.law\/cumul-dactivites-non-declare-la-revocation-dun-agent-validee-par-le-juge-administratif\/"},"author":{"name":"Lucile","@id":"https:\/\/abeille.law\/#\/schema\/person\/4103055647ee877351aacd5bd7a7be49"},"headline":"Cumul d\u2019activit\u00e9s non d\u00e9clar\u00e9 : la r\u00e9vocation d\u2019un agent valid\u00e9e par le juge administratif.","datePublished":"2025-10-28T10:09:15+00:00","dateModified":"2025-11-03T10:10:19+00:00","mainEntityOfPage":{"@id":"https:\/\/abeille.law\/cumul-dactivites-non-declare-la-revocation-dun-agent-validee-par-le-juge-administratif\/"},"wordCount":234,"commentCount":0,"articleSection":["Actualit\u00e9s","Juridiques"],"inLanguage":"en-US","potentialAction":[{"@type":"CommentAction","name":"Comment","target":["https:\/\/abeille.law\/cumul-dactivites-non-declare-la-revocation-dun-agent-validee-par-le-juge-administratif\/#respond"]}]},{"@type":"WebPage","@id":"https:\/\/abeille.law\/cumul-dactivites-non-declare-la-revocation-dun-agent-validee-par-le-juge-administratif\/","url":"https:\/\/abeille.law\/cumul-dactivites-non-declare-la-revocation-dun-agent-validee-par-le-juge-administratif\/","name":"Cumul d\u2019activit\u00e9s non d\u00e9clar\u00e9 : la r\u00e9vocation d\u2019un agent valid\u00e9e par le juge administratif. | Abeille Avocats","isPartOf":{"@id":"https:\/\/abeille.law\/#website"},"datePublished":"2025-10-28T10:09:15+00:00","dateModified":"2025-11-03T10:10:19+00:00","author":{"@id":"https:\/\/abeille.law\/#\/schema\/person\/4103055647ee877351aacd5bd7a7be49"},"description":"Le tribunal a confirm\u00e9 la r\u00e9vocation d\u2019un agent pour cumul d\u2019activit\u00e9s non d\u00e9clar\u00e9.","breadcrumb":{"@id":"https:\/\/abeille.law\/cumul-dactivites-non-declare-la-revocation-dun-agent-validee-par-le-juge-administratif\/#breadcrumb"},"inLanguage":"en-US","potentialAction":[{"@type":"ReadAction","target":["https:\/\/abeille.law\/cumul-dactivites-non-declare-la-revocation-dun-agent-validee-par-le-juge-administratif\/"]}]},{"@type":"BreadcrumbList","@id":"https:\/\/abeille.law\/cumul-dactivites-non-declare-la-revocation-dun-agent-validee-par-le-juge-administratif\/#breadcrumb","itemListElement":[{"@type":"ListItem","position":1,"name":"Accueil","item":"https:\/\/abeille.law\/en\/"},{"@type":"ListItem","position":2,"name":"Cumul d\u2019activit\u00e9s non d\u00e9clar\u00e9 : la r\u00e9vocation d\u2019un agent valid\u00e9e par le juge administratif."}]},{"@type":"WebSite","@id":"https:\/\/abeille.law\/#website","url":"https:\/\/abeille.law\/","name":"Abeille Avocats","description":"","alternateName":"Abeille Avocats","potentialAction":[{"@type":"SearchAction","target":{"@type":"EntryPoint","urlTemplate":"https:\/\/abeille.law\/?s={search_term_string}"},"query-input":{"@type":"PropertyValueSpecification","valueRequired":true,"valueName":"search_term_string"}}],"inLanguage":"en-US"},{"@type":"Person","@id":"https:\/\/abeille.law\/#\/schema\/person\/4103055647ee877351aacd5bd7a7be49","name":"Lucile","image":{"@type":"ImageObject","inLanguage":"en-US","@id":"https:\/\/abeille.law\/#\/schema\/person\/image\/","url":"https:\/\/abeille.law\/wp-content\/litespeed\/avatar\/95d953d5544b5efa36efad57db70c259.jpg?ver=1777550419","contentUrl":"https:\/\/abeille.law\/wp-content\/litespeed\/avatar\/95d953d5544b5efa36efad57db70c259.jpg?ver=1777550419","caption":"Lucile"}}]}},"_links":{"self":[{"href":"https:\/\/abeille.law\/en\/wp-json\/wp\/v2\/posts\/13727","targetHints":{"allow":["GET"]}}],"collection":[{"href":"https:\/\/abeille.law\/en\/wp-json\/wp\/v2\/posts"}],"about":[{"href":"https:\/\/abeille.law\/en\/wp-json\/wp\/v2\/types\/post"}],"author":[{"embeddable":true,"href":"https:\/\/abeille.law\/en\/wp-json\/wp\/v2\/users\/7"}],"replies":[{"embeddable":true,"href":"https:\/\/abeille.law\/en\/wp-json\/wp\/v2\/comments?post=13727"}],"version-history":[{"count":1,"href":"https:\/\/abeille.law\/en\/wp-json\/wp\/v2\/posts\/13727\/revisions"}],"predecessor-version":[{"id":13728,"href":"https:\/\/abeille.law\/en\/wp-json\/wp\/v2\/posts\/13727\/revisions\/13728"}],"wp:attachment":[{"href":"https:\/\/abeille.law\/en\/wp-json\/wp\/v2\/media?parent=13727"}],"wp:term":[{"taxonomy":"category","embeddable":true,"href":"https:\/\/abeille.law\/en\/wp-json\/wp\/v2\/categories?post=13727"},{"taxonomy":"post_tag","embeddable":true,"href":"https:\/\/abeille.law\/en\/wp-json\/wp\/v2\/tags?post=13727"}],"curies":[{"name":"wp","href":"https:\/\/api.w.org\/{rel}","templated":true}]}}