{"id":13692,"date":"2025-10-15T14:42:56","date_gmt":"2025-10-15T14:42:56","guid":{"rendered":"https:\/\/abeille.law\/?p=13692"},"modified":"2026-01-21T17:36:44","modified_gmt":"2026-01-21T17:36:44","slug":"ou-debute-laccident-de-trajet-dun-agent-public-qui-reside-dans-une-residence-collective","status":"publish","type":"post","link":"https:\/\/abeille.law\/en\/ou-debute-laccident-de-trajet-dun-agent-public-qui-reside-dans-une-residence-collective\/","title":{"rendered":"O\u00f9 d\u00e9bute l\u2019accident de trajet d\u2019un agent public qui r\u00e9side dans une r\u00e9sidence collective ?"},"content":{"rendered":"\n<p><em>CE, 27 juin 2025, n\u00b0 494081 : Lebon T.<\/em><\/p>\n\n\n\n<p>Le cong\u00e9 pour invalidit\u00e9 temporaire imputable au service (CITIS) couvre notamment l\u2019accident de trajet. Cette notion, emprunt\u00e9e au droit du travail, a \u00e9t\u00e9 int\u00e9gr\u00e9e au droit de la fonction publique par la jurisprudence, puis consacr\u00e9e par l\u2019article L. 822-19 du Code g\u00e9n\u00e9ral de la fonction publique.<\/p>\n\n\n\n<p>Est consid\u00e9r\u00e9 comme accident de trajet tout accident survenu entre la r\u00e9sidence de l\u2019agent et son lieu de travail, pendant le temps normal du parcours, sauf circonstance personnelle d\u00e9tachant l\u2019accident du service (CE, sect., 17 janv. 2014, n\u00b0 352710).<\/p>\n\n\n\n<p>La jurisprudence a pr\u00e9cis\u00e9 plusieurs aspects :<\/p>\n\n\n\n<ul class=\"wp-block-list\">\n<li>La r\u00e9gularit\u00e9 du parcours emprunt\u00e9 (CE, 29 janv. 2010, n\u00b0 314148) ;<\/li>\n\n\n\n<li>La concordance avec les horaires de service ;<\/li>\n\n\n\n<li>La nature de la r\u00e9sidence de l\u2019agent (CE, 30 nov. 2018, n\u00b0 416753) ;<\/li>\n\n\n\n<li>Ou encore le lien entre l\u2019accident et le service (CE, 3 nov. 2023, n\u00b0 459023).<\/li>\n<\/ul>\n\n\n\n<p>Se posait toutefois une question sensible : \u00e0 quel moment pr\u00e9cis le trajet d\u00e9bute-t-il ? Traditionnellement, le juge consid\u00e8re qu\u2019il commence lorsque l\u2019agent sort de sa propri\u00e9t\u00e9 priv\u00e9e. Un accident dans le domicile ou le jardin n\u2019est donc pas imputable au service (CE, 23 nov. 1984, n\u00b0 51213).<\/p>\n\n\n\n<p>Dans la d\u00e9cision comment\u00e9e, un agent avait subi un accident dans les <strong>parties communes d\u2019une r\u00e9sidence collective<\/strong>, en l\u2019occurrence dans le garage o\u00f9 son v\u00e9hicule \u00e9tait stationn\u00e9.<\/p>\n\n\n\n<p>Le Conseil d\u2019\u00c9tat a jug\u00e9 que les parties communes ne pouvaient \u00eatre assimil\u00e9es \u00e0 la propri\u00e9t\u00e9 priv\u00e9e de l\u2019agent, m\u00eame si elles ne sont pas accessibles au public. D\u00e8s lors, le trajet d\u00e9bute d\u00e8s que l\u2019agent quitte son appartement pour rejoindre son lieu de travail.<\/p>\n\n\n\n<p>En cons\u00e9quence, l\u2019accident survenu dans le garage collectif constitue bien un <strong>accident de trajet<\/strong> ouvrant droit au b\u00e9n\u00e9fice du CITIS.<\/p>\n","protected":false},"excerpt":{"rendered":"<p>CE, 27 juin 2025, n\u00b0 494081 : Lebon T. Le cong\u00e9 pour invalidit\u00e9 temporaire imputable au service (CITIS) couvre notamment l\u2019accident de trajet. Cette notion, emprunt\u00e9e au droit du travail, a \u00e9t\u00e9 int\u00e9gr\u00e9e au droit de la fonction publique par la jurisprudence, puis consacr\u00e9e par l\u2019article L. 822-19 du Code g\u00e9n\u00e9ral de la fonction publique. [&hellip;]<\/p>\n","protected":false},"author":7,"featured_media":0,"comment_status":"open","ping_status":"open","sticky":false,"template":"","format":"standard","meta":{"_acf_changed":false,"footnotes":""},"categories":[253,190],"tags":[],"class_list":["post-13692","post","type-post","status-publish","format-standard","hentry","category-format","category-juridiques"],"acf":[],"yoast_head":"<!-- This site is optimized with the Yoast SEO plugin v27.1.1 - https:\/\/yoast.com\/product\/yoast-seo-wordpress\/ -->\n<title>Accident de trajet en r\u00e9sidence collective : agent public et CITIS<\/title>\n<meta name=\"description\" content=\"Le Conseil d\u2019\u00c9tat pr\u00e9cise que l\u2019accident survenu dans les parties communes d\u2019une r\u00e9sidence collective constitue un accident de trajet ouvrant droit au CITIS.\" \/>\n<meta name=\"robots\" content=\"index, follow, max-snippet:-1, max-image-preview:large, max-video-preview:-1\" \/>\n<link rel=\"canonical\" href=\"https:\/\/abeille.law\/ou-debute-laccident-de-trajet-dun-agent-public-qui-reside-dans-une-residence-collective\/\" \/>\n<meta property=\"og:locale\" content=\"en_US\" \/>\n<meta property=\"og:type\" content=\"article\" \/>\n<meta property=\"og:title\" content=\"Accident de trajet en r\u00e9sidence collective : agent public et CITIS\" \/>\n<meta property=\"og:description\" content=\"Le Conseil d\u2019\u00c9tat pr\u00e9cise que l\u2019accident survenu dans les parties communes d\u2019une r\u00e9sidence collective constitue un accident de trajet ouvrant droit au CITIS.\" \/>\n<meta property=\"og:url\" content=\"https:\/\/abeille.law\/ou-debute-laccident-de-trajet-dun-agent-public-qui-reside-dans-une-residence-collective\/\" \/>\n<meta property=\"og:site_name\" content=\"Abeille Avocats\" \/>\n<meta property=\"article:published_time\" content=\"2025-10-15T14:42:56+00:00\" \/>\n<meta property=\"article:modified_time\" content=\"2026-01-21T17:36:44+00:00\" \/>\n<meta name=\"author\" content=\"Lucile\" \/>\n<meta name=\"twitter:card\" content=\"summary_large_image\" \/>\n<meta name=\"twitter:label1\" content=\"Written by\" \/>\n\t<meta name=\"twitter:data1\" content=\"Lucile\" \/>\n\t<meta name=\"twitter:label2\" content=\"Est. reading time\" \/>\n\t<meta name=\"twitter:data2\" content=\"2 minutes\" \/>\n<script type=\"application\/ld+json\" class=\"yoast-schema-graph\">{\"@context\":\"https:\/\/schema.org\",\"@graph\":[{\"@type\":\"Article\",\"@id\":\"https:\/\/abeille.law\/ou-debute-laccident-de-trajet-dun-agent-public-qui-reside-dans-une-residence-collective\/#article\",\"isPartOf\":{\"@id\":\"https:\/\/abeille.law\/ou-debute-laccident-de-trajet-dun-agent-public-qui-reside-dans-une-residence-collective\/\"},\"author\":{\"name\":\"Lucile\",\"@id\":\"https:\/\/abeille.law\/#\/schema\/person\/4103055647ee877351aacd5bd7a7be49\"},\"headline\":\"O\u00f9 d\u00e9bute l\u2019accident de trajet d\u2019un agent public qui r\u00e9side dans une r\u00e9sidence collective ?\",\"datePublished\":\"2025-10-15T14:42:56+00:00\",\"dateModified\":\"2026-01-21T17:36:44+00:00\",\"mainEntityOfPage\":{\"@id\":\"https:\/\/abeille.law\/ou-debute-laccident-de-trajet-dun-agent-public-qui-reside-dans-une-residence-collective\/\"},\"wordCount\":328,\"commentCount\":0,\"articleSection\":[\"Actualit\u00e9s\",\"Juridiques\"],\"inLanguage\":\"en-US\",\"potentialAction\":[{\"@type\":\"CommentAction\",\"name\":\"Comment\",\"target\":[\"https:\/\/abeille.law\/ou-debute-laccident-de-trajet-dun-agent-public-qui-reside-dans-une-residence-collective\/#respond\"]}]},{\"@type\":\"WebPage\",\"@id\":\"https:\/\/abeille.law\/ou-debute-laccident-de-trajet-dun-agent-public-qui-reside-dans-une-residence-collective\/\",\"url\":\"https:\/\/abeille.law\/ou-debute-laccident-de-trajet-dun-agent-public-qui-reside-dans-une-residence-collective\/\",\"name\":\"Accident de trajet en r\u00e9sidence collective : agent public et CITIS\",\"isPartOf\":{\"@id\":\"https:\/\/abeille.law\/#website\"},\"datePublished\":\"2025-10-15T14:42:56+00:00\",\"dateModified\":\"2026-01-21T17:36:44+00:00\",\"author\":{\"@id\":\"https:\/\/abeille.law\/#\/schema\/person\/4103055647ee877351aacd5bd7a7be49\"},\"description\":\"Le Conseil d\u2019\u00c9tat pr\u00e9cise que l\u2019accident survenu dans les parties communes d\u2019une r\u00e9sidence collective constitue un accident de trajet ouvrant droit au CITIS.\",\"breadcrumb\":{\"@id\":\"https:\/\/abeille.law\/ou-debute-laccident-de-trajet-dun-agent-public-qui-reside-dans-une-residence-collective\/#breadcrumb\"},\"inLanguage\":\"en-US\",\"potentialAction\":[{\"@type\":\"ReadAction\",\"target\":[\"https:\/\/abeille.law\/ou-debute-laccident-de-trajet-dun-agent-public-qui-reside-dans-une-residence-collective\/\"]}]},{\"@type\":\"BreadcrumbList\",\"@id\":\"https:\/\/abeille.law\/ou-debute-laccident-de-trajet-dun-agent-public-qui-reside-dans-une-residence-collective\/#breadcrumb\",\"itemListElement\":[{\"@type\":\"ListItem\",\"position\":1,\"name\":\"Accueil\",\"item\":\"https:\/\/abeille.law\/en\/\"},{\"@type\":\"ListItem\",\"position\":2,\"name\":\"O\u00f9 d\u00e9bute l\u2019accident de trajet d\u2019un agent public qui r\u00e9side dans une r\u00e9sidence collective ?\"}]},{\"@type\":\"WebSite\",\"@id\":\"https:\/\/abeille.law\/#website\",\"url\":\"https:\/\/abeille.law\/\",\"name\":\"Abeille Avocats\",\"description\":\"\",\"alternateName\":\"Abeille Avocats\",\"potentialAction\":[{\"@type\":\"SearchAction\",\"target\":{\"@type\":\"EntryPoint\",\"urlTemplate\":\"https:\/\/abeille.law\/?s={search_term_string}\"},\"query-input\":{\"@type\":\"PropertyValueSpecification\",\"valueRequired\":true,\"valueName\":\"search_term_string\"}}],\"inLanguage\":\"en-US\"},{\"@type\":\"Person\",\"@id\":\"https:\/\/abeille.law\/#\/schema\/person\/4103055647ee877351aacd5bd7a7be49\",\"name\":\"Lucile\",\"image\":{\"@type\":\"ImageObject\",\"inLanguage\":\"en-US\",\"@id\":\"https:\/\/abeille.law\/#\/schema\/person\/image\/\",\"url\":\"https:\/\/abeille.law\/wp-content\/litespeed\/avatar\/95d953d5544b5efa36efad57db70c259.jpg?ver=1777550419\",\"contentUrl\":\"https:\/\/abeille.law\/wp-content\/litespeed\/avatar\/95d953d5544b5efa36efad57db70c259.jpg?ver=1777550419\",\"caption\":\"Lucile\"}}]}<\/script>\n<!-- \/ Yoast SEO plugin. -->","yoast_head_json":{"title":"Accident de trajet en r\u00e9sidence collective : agent public et CITIS","description":"Le Conseil d\u2019\u00c9tat pr\u00e9cise que l\u2019accident survenu dans les parties communes d\u2019une r\u00e9sidence collective constitue un accident de trajet ouvrant droit au CITIS.","robots":{"index":"index","follow":"follow","max-snippet":"max-snippet:-1","max-image-preview":"max-image-preview:large","max-video-preview":"max-video-preview:-1"},"canonical":"https:\/\/abeille.law\/ou-debute-laccident-de-trajet-dun-agent-public-qui-reside-dans-une-residence-collective\/","og_locale":"en_US","og_type":"article","og_title":"Accident de trajet en r\u00e9sidence collective : agent public et CITIS","og_description":"Le Conseil d\u2019\u00c9tat pr\u00e9cise que l\u2019accident survenu dans les parties communes d\u2019une r\u00e9sidence collective constitue un accident de trajet ouvrant droit au CITIS.","og_url":"https:\/\/abeille.law\/ou-debute-laccident-de-trajet-dun-agent-public-qui-reside-dans-une-residence-collective\/","og_site_name":"Abeille Avocats","article_published_time":"2025-10-15T14:42:56+00:00","article_modified_time":"2026-01-21T17:36:44+00:00","author":"Lucile","twitter_card":"summary_large_image","twitter_misc":{"Written by":"Lucile","Est. reading time":"2 minutes"},"schema":{"@context":"https:\/\/schema.org","@graph":[{"@type":"Article","@id":"https:\/\/abeille.law\/ou-debute-laccident-de-trajet-dun-agent-public-qui-reside-dans-une-residence-collective\/#article","isPartOf":{"@id":"https:\/\/abeille.law\/ou-debute-laccident-de-trajet-dun-agent-public-qui-reside-dans-une-residence-collective\/"},"author":{"name":"Lucile","@id":"https:\/\/abeille.law\/#\/schema\/person\/4103055647ee877351aacd5bd7a7be49"},"headline":"O\u00f9 d\u00e9bute l\u2019accident de trajet d\u2019un agent public qui r\u00e9side dans une r\u00e9sidence collective ?","datePublished":"2025-10-15T14:42:56+00:00","dateModified":"2026-01-21T17:36:44+00:00","mainEntityOfPage":{"@id":"https:\/\/abeille.law\/ou-debute-laccident-de-trajet-dun-agent-public-qui-reside-dans-une-residence-collective\/"},"wordCount":328,"commentCount":0,"articleSection":["Actualit\u00e9s","Juridiques"],"inLanguage":"en-US","potentialAction":[{"@type":"CommentAction","name":"Comment","target":["https:\/\/abeille.law\/ou-debute-laccident-de-trajet-dun-agent-public-qui-reside-dans-une-residence-collective\/#respond"]}]},{"@type":"WebPage","@id":"https:\/\/abeille.law\/ou-debute-laccident-de-trajet-dun-agent-public-qui-reside-dans-une-residence-collective\/","url":"https:\/\/abeille.law\/ou-debute-laccident-de-trajet-dun-agent-public-qui-reside-dans-une-residence-collective\/","name":"Accident de trajet en r\u00e9sidence collective : agent public et CITIS","isPartOf":{"@id":"https:\/\/abeille.law\/#website"},"datePublished":"2025-10-15T14:42:56+00:00","dateModified":"2026-01-21T17:36:44+00:00","author":{"@id":"https:\/\/abeille.law\/#\/schema\/person\/4103055647ee877351aacd5bd7a7be49"},"description":"Le Conseil d\u2019\u00c9tat pr\u00e9cise que l\u2019accident survenu dans les parties communes d\u2019une r\u00e9sidence collective constitue un accident de trajet ouvrant droit au CITIS.","breadcrumb":{"@id":"https:\/\/abeille.law\/ou-debute-laccident-de-trajet-dun-agent-public-qui-reside-dans-une-residence-collective\/#breadcrumb"},"inLanguage":"en-US","potentialAction":[{"@type":"ReadAction","target":["https:\/\/abeille.law\/ou-debute-laccident-de-trajet-dun-agent-public-qui-reside-dans-une-residence-collective\/"]}]},{"@type":"BreadcrumbList","@id":"https:\/\/abeille.law\/ou-debute-laccident-de-trajet-dun-agent-public-qui-reside-dans-une-residence-collective\/#breadcrumb","itemListElement":[{"@type":"ListItem","position":1,"name":"Accueil","item":"https:\/\/abeille.law\/en\/"},{"@type":"ListItem","position":2,"name":"O\u00f9 d\u00e9bute l\u2019accident de trajet d\u2019un agent public qui r\u00e9side dans une r\u00e9sidence collective ?"}]},{"@type":"WebSite","@id":"https:\/\/abeille.law\/#website","url":"https:\/\/abeille.law\/","name":"Abeille Avocats","description":"","alternateName":"Abeille Avocats","potentialAction":[{"@type":"SearchAction","target":{"@type":"EntryPoint","urlTemplate":"https:\/\/abeille.law\/?s={search_term_string}"},"query-input":{"@type":"PropertyValueSpecification","valueRequired":true,"valueName":"search_term_string"}}],"inLanguage":"en-US"},{"@type":"Person","@id":"https:\/\/abeille.law\/#\/schema\/person\/4103055647ee877351aacd5bd7a7be49","name":"Lucile","image":{"@type":"ImageObject","inLanguage":"en-US","@id":"https:\/\/abeille.law\/#\/schema\/person\/image\/","url":"https:\/\/abeille.law\/wp-content\/litespeed\/avatar\/95d953d5544b5efa36efad57db70c259.jpg?ver=1777550419","contentUrl":"https:\/\/abeille.law\/wp-content\/litespeed\/avatar\/95d953d5544b5efa36efad57db70c259.jpg?ver=1777550419","caption":"Lucile"}}]}},"_links":{"self":[{"href":"https:\/\/abeille.law\/en\/wp-json\/wp\/v2\/posts\/13692","targetHints":{"allow":["GET"]}}],"collection":[{"href":"https:\/\/abeille.law\/en\/wp-json\/wp\/v2\/posts"}],"about":[{"href":"https:\/\/abeille.law\/en\/wp-json\/wp\/v2\/types\/post"}],"author":[{"embeddable":true,"href":"https:\/\/abeille.law\/en\/wp-json\/wp\/v2\/users\/7"}],"replies":[{"embeddable":true,"href":"https:\/\/abeille.law\/en\/wp-json\/wp\/v2\/comments?post=13692"}],"version-history":[{"count":1,"href":"https:\/\/abeille.law\/en\/wp-json\/wp\/v2\/posts\/13692\/revisions"}],"predecessor-version":[{"id":13693,"href":"https:\/\/abeille.law\/en\/wp-json\/wp\/v2\/posts\/13692\/revisions\/13693"}],"wp:attachment":[{"href":"https:\/\/abeille.law\/en\/wp-json\/wp\/v2\/media?parent=13692"}],"wp:term":[{"taxonomy":"category","embeddable":true,"href":"https:\/\/abeille.law\/en\/wp-json\/wp\/v2\/categories?post=13692"},{"taxonomy":"post_tag","embeddable":true,"href":"https:\/\/abeille.law\/en\/wp-json\/wp\/v2\/tags?post=13692"}],"curies":[{"name":"wp","href":"https:\/\/api.w.org\/{rel}","templated":true}]}}