{"id":13683,"date":"2025-10-06T14:25:34","date_gmt":"2025-10-06T14:25:34","guid":{"rendered":"https:\/\/abeille.law\/?p=13683"},"modified":"2025-11-03T09:55:03","modified_gmt":"2025-11-03T09:55:03","slug":"noyade-sur-une-plage-non-surveillee-la-responsabilite-de-la-commune-ecartee","status":"publish","type":"post","link":"https:\/\/abeille.law\/en\/noyade-sur-une-plage-non-surveillee-la-responsabilite-de-la-commune-ecartee\/","title":{"rendered":"Noyade sur une plage non surveill\u00e9e : la responsabilit\u00e9 de la commune \u00e9cart\u00e9e"},"content":{"rendered":"\n<p><em>Cour administrative d\u2019appel de Bordeaux, 19 juin 2025 : n\u00b0 23BX01422<\/em><\/p>\n\n\n\n<p>En ao\u00fbt 2020, un baigneur s\u2019est noy\u00e9 sur une plage non surveill\u00e9e. Son p\u00e8re a recherch\u00e9 la responsabilit\u00e9 de la commune, estimant que le maire n\u2019avait pas suffisamment signal\u00e9 les dangers li\u00e9s \u00e0 la baignade et r\u00e9clamant 160 000 \u20ac en r\u00e9paration.<\/p>\n\n\n\n<p>La commune soutenait que la requ\u00eate \u00e9tait mal dirig\u00e9e, mais la cour a rappel\u00e9 que, selon l\u2019article L. 2213-23 du Code g\u00e9n\u00e9ral des collectivit\u00e9s territoriales, le maire dispose d\u2019un pouvoir de police sp\u00e9ciale pour assurer la s\u00e9curit\u00e9 des baignades et activit\u00e9s nautiques pratiqu\u00e9es \u00e0 partir du rivage, dans la limite des 300 m\u00e8tres.<\/p>\n\n\n\n<p>\u00c0 ce titre, le maire doit notamment :<\/p>\n\n\n\n<ul class=\"wp-block-list\">\n<li>R\u00e9glementer l\u2019usage des am\u00e9nagements,<\/li>\n\n\n\n<li>Organiser les secours,<\/li>\n\n\n\n<li>D\u00e9limiter des zones surveill\u00e9es,<\/li>\n\n\n\n<li>Fixer des p\u00e9riodes de surveillance,<\/li>\n\n\n\n<li>Informer le public sur les conditions de pratique<\/li>\n<\/ul>\n\n\n\n<p>Il lui revient aussi de signaler les dangers exceptionnels, y compris dans les zones non surveill\u00e9es.<br>Dans l\u2019affaire jug\u00e9e, la plage \u00e9tait tr\u00e8s fr\u00e9quent\u00e9e et accueillait des activit\u00e9s nautiques, mais elle n\u2019\u00e9tait ni am\u00e9nag\u00e9e ni surveill\u00e9e. L\u2019acc\u00e8s \u00e9tait cependant \u00e9quip\u00e9 d\u2019un panneau \u00ab baignade non surveill\u00e9e \u00bb, attest\u00e9 par un agent municipal.<\/p>\n\n\n\n<p>La cour a estim\u00e9 que cette signalisation suffisait et que la plage ne pr\u00e9sentait pas de dangers exc\u00e9dant ceux auxquels tout baigneur doit normalement faire face.<\/p>\n\n\n\n<p>En cons\u00e9quence, aucune faute du maire n\u2019a \u00e9t\u00e9 retenue et la responsabilit\u00e9 de la commune n\u2019a pas \u00e9t\u00e9 engag\u00e9e. La cour administrative d\u2019appel a confirm\u00e9 le rejet de la demande d\u2019indemnisation.<\/p>\n\n\n\n<p><em>Entre le 1er juin et le 13 ao\u00fbt 2025, 1 013 noyades ont \u00e9t\u00e9 recens\u00e9es en France, dont 268 mortelles, soit une hausse de 14 % par rapport \u00e0 l\u2019\u00e9t\u00e9 pr\u00e9c\u00e9dent (source : <a href=\"https:\/\/www.santepubliquefrance.fr\/maladies-et-traumatismes\/traumatismes\/noyade\/documents\/bulletin-national\/surveillance-des-noyades-durant-l-ete-2025.-bulletin-du-22-aout-2025\">Sant\u00e9 publique France<\/a>). Les \u00e9pisodes de fortes chaleurs ont entra\u00een\u00e9 un afflux massif vers les plages et rivi\u00e8res, souvent non surveill\u00e9es, avec des cons\u00e9quences dramatiques.<br>Les enfants et adolescents ont \u00e9t\u00e9 particuli\u00e8rement touch\u00e9s : 37 d\u00e9c\u00e8s recens\u00e9s, dont plus de la moiti\u00e9 dans des cours d\u2019eau.<\/em><\/p>\n","protected":false},"excerpt":{"rendered":"<p>Cour administrative d\u2019appel de Bordeaux, 19 juin 2025 : n\u00b0 23BX01422 En ao\u00fbt 2020, un baigneur s\u2019est noy\u00e9 sur une plage non surveill\u00e9e. Son p\u00e8re a recherch\u00e9 la responsabilit\u00e9 de la commune, estimant que le maire n\u2019avait pas suffisamment signal\u00e9 les dangers li\u00e9s \u00e0 la baignade et r\u00e9clamant 160 000 \u20ac en r\u00e9paration. La commune [&hellip;]<\/p>\n","protected":false},"author":7,"featured_media":0,"comment_status":"open","ping_status":"open","sticky":false,"template":"","format":"standard","meta":{"_acf_changed":false,"footnotes":""},"categories":[253,190],"tags":[],"class_list":["post-13683","post","type-post","status-publish","format-standard","hentry","category-format","category-juridiques"],"acf":[],"yoast_head":"<!-- This site is optimized with the Yoast SEO plugin v27.1.1 - https:\/\/yoast.com\/product\/yoast-seo-wordpress\/ -->\n<title>Noyade sur une plage non surveill\u00e9e : la responsabilit\u00e9 de la commune \u00e9cart\u00e9e | Abeille Avocats<\/title>\n<meta name=\"description\" content=\"En ao\u00fbt 2020, un baigneur s\u2019est noy\u00e9 sur une plage non surveill\u00e9e. Son p\u00e8re a recherch\u00e9 la responsabilit\u00e9 de la commune.\" \/>\n<meta name=\"robots\" content=\"index, follow, max-snippet:-1, max-image-preview:large, max-video-preview:-1\" \/>\n<link rel=\"canonical\" href=\"https:\/\/abeille.law\/noyade-sur-une-plage-non-surveillee-la-responsabilite-de-la-commune-ecartee\/\" \/>\n<meta property=\"og:locale\" content=\"en_US\" \/>\n<meta property=\"og:type\" content=\"article\" \/>\n<meta property=\"og:title\" content=\"Noyade sur une plage non surveill\u00e9e : la responsabilit\u00e9 de la commune \u00e9cart\u00e9e | Abeille Avocats\" \/>\n<meta property=\"og:description\" content=\"En ao\u00fbt 2020, un baigneur s\u2019est noy\u00e9 sur une plage non surveill\u00e9e. Son p\u00e8re a recherch\u00e9 la responsabilit\u00e9 de la commune.\" \/>\n<meta property=\"og:url\" content=\"https:\/\/abeille.law\/noyade-sur-une-plage-non-surveillee-la-responsabilite-de-la-commune-ecartee\/\" \/>\n<meta property=\"og:site_name\" content=\"Abeille Avocats\" \/>\n<meta property=\"article:published_time\" content=\"2025-10-06T14:25:34+00:00\" \/>\n<meta property=\"article:modified_time\" content=\"2025-11-03T09:55:03+00:00\" \/>\n<meta name=\"author\" content=\"Lucile\" \/>\n<meta name=\"twitter:card\" content=\"summary_large_image\" \/>\n<meta name=\"twitter:label1\" content=\"Written by\" \/>\n\t<meta name=\"twitter:data1\" content=\"Lucile\" \/>\n\t<meta name=\"twitter:label2\" content=\"Est. reading time\" \/>\n\t<meta name=\"twitter:data2\" content=\"2 minutes\" \/>\n<script type=\"application\/ld+json\" class=\"yoast-schema-graph\">{\"@context\":\"https:\/\/schema.org\",\"@graph\":[{\"@type\":\"Article\",\"@id\":\"https:\/\/abeille.law\/noyade-sur-une-plage-non-surveillee-la-responsabilite-de-la-commune-ecartee\/#article\",\"isPartOf\":{\"@id\":\"https:\/\/abeille.law\/noyade-sur-une-plage-non-surveillee-la-responsabilite-de-la-commune-ecartee\/\"},\"author\":{\"name\":\"Lucile\",\"@id\":\"https:\/\/abeille.law\/#\/schema\/person\/4103055647ee877351aacd5bd7a7be49\"},\"headline\":\"Noyade sur une plage non surveill\u00e9e : la responsabilit\u00e9 de la commune \u00e9cart\u00e9e\",\"datePublished\":\"2025-10-06T14:25:34+00:00\",\"dateModified\":\"2025-11-03T09:55:03+00:00\",\"mainEntityOfPage\":{\"@id\":\"https:\/\/abeille.law\/noyade-sur-une-plage-non-surveillee-la-responsabilite-de-la-commune-ecartee\/\"},\"wordCount\":380,\"commentCount\":0,\"articleSection\":[\"Actualit\u00e9s\",\"Juridiques\"],\"inLanguage\":\"en-US\",\"potentialAction\":[{\"@type\":\"CommentAction\",\"name\":\"Comment\",\"target\":[\"https:\/\/abeille.law\/noyade-sur-une-plage-non-surveillee-la-responsabilite-de-la-commune-ecartee\/#respond\"]}]},{\"@type\":\"WebPage\",\"@id\":\"https:\/\/abeille.law\/noyade-sur-une-plage-non-surveillee-la-responsabilite-de-la-commune-ecartee\/\",\"url\":\"https:\/\/abeille.law\/noyade-sur-une-plage-non-surveillee-la-responsabilite-de-la-commune-ecartee\/\",\"name\":\"Noyade sur une plage non surveill\u00e9e : la responsabilit\u00e9 de la commune \u00e9cart\u00e9e | Abeille Avocats\",\"isPartOf\":{\"@id\":\"https:\/\/abeille.law\/#website\"},\"datePublished\":\"2025-10-06T14:25:34+00:00\",\"dateModified\":\"2025-11-03T09:55:03+00:00\",\"author\":{\"@id\":\"https:\/\/abeille.law\/#\/schema\/person\/4103055647ee877351aacd5bd7a7be49\"},\"description\":\"En ao\u00fbt 2020, un baigneur s\u2019est noy\u00e9 sur une plage non surveill\u00e9e. Son p\u00e8re a recherch\u00e9 la responsabilit\u00e9 de la commune.\",\"breadcrumb\":{\"@id\":\"https:\/\/abeille.law\/noyade-sur-une-plage-non-surveillee-la-responsabilite-de-la-commune-ecartee\/#breadcrumb\"},\"inLanguage\":\"en-US\",\"potentialAction\":[{\"@type\":\"ReadAction\",\"target\":[\"https:\/\/abeille.law\/noyade-sur-une-plage-non-surveillee-la-responsabilite-de-la-commune-ecartee\/\"]}]},{\"@type\":\"BreadcrumbList\",\"@id\":\"https:\/\/abeille.law\/noyade-sur-une-plage-non-surveillee-la-responsabilite-de-la-commune-ecartee\/#breadcrumb\",\"itemListElement\":[{\"@type\":\"ListItem\",\"position\":1,\"name\":\"Accueil\",\"item\":\"https:\/\/abeille.law\/en\/\"},{\"@type\":\"ListItem\",\"position\":2,\"name\":\"Noyade sur une plage non surveill\u00e9e : la responsabilit\u00e9 de la commune \u00e9cart\u00e9e\"}]},{\"@type\":\"WebSite\",\"@id\":\"https:\/\/abeille.law\/#website\",\"url\":\"https:\/\/abeille.law\/\",\"name\":\"Abeille Avocats\",\"description\":\"\",\"alternateName\":\"Abeille Avocats\",\"potentialAction\":[{\"@type\":\"SearchAction\",\"target\":{\"@type\":\"EntryPoint\",\"urlTemplate\":\"https:\/\/abeille.law\/?s={search_term_string}\"},\"query-input\":{\"@type\":\"PropertyValueSpecification\",\"valueRequired\":true,\"valueName\":\"search_term_string\"}}],\"inLanguage\":\"en-US\"},{\"@type\":\"Person\",\"@id\":\"https:\/\/abeille.law\/#\/schema\/person\/4103055647ee877351aacd5bd7a7be49\",\"name\":\"Lucile\",\"image\":{\"@type\":\"ImageObject\",\"inLanguage\":\"en-US\",\"@id\":\"https:\/\/abeille.law\/#\/schema\/person\/image\/\",\"url\":\"https:\/\/abeille.law\/wp-content\/litespeed\/avatar\/95d953d5544b5efa36efad57db70c259.jpg?ver=1777550419\",\"contentUrl\":\"https:\/\/abeille.law\/wp-content\/litespeed\/avatar\/95d953d5544b5efa36efad57db70c259.jpg?ver=1777550419\",\"caption\":\"Lucile\"}}]}<\/script>\n<!-- \/ Yoast SEO plugin. -->","yoast_head_json":{"title":"Noyade sur une plage non surveill\u00e9e : la responsabilit\u00e9 de la commune \u00e9cart\u00e9e | Abeille Avocats","description":"En ao\u00fbt 2020, un baigneur s\u2019est noy\u00e9 sur une plage non surveill\u00e9e. Son p\u00e8re a recherch\u00e9 la responsabilit\u00e9 de la commune.","robots":{"index":"index","follow":"follow","max-snippet":"max-snippet:-1","max-image-preview":"max-image-preview:large","max-video-preview":"max-video-preview:-1"},"canonical":"https:\/\/abeille.law\/noyade-sur-une-plage-non-surveillee-la-responsabilite-de-la-commune-ecartee\/","og_locale":"en_US","og_type":"article","og_title":"Noyade sur une plage non surveill\u00e9e : la responsabilit\u00e9 de la commune \u00e9cart\u00e9e | Abeille Avocats","og_description":"En ao\u00fbt 2020, un baigneur s\u2019est noy\u00e9 sur une plage non surveill\u00e9e. Son p\u00e8re a recherch\u00e9 la responsabilit\u00e9 de la commune.","og_url":"https:\/\/abeille.law\/noyade-sur-une-plage-non-surveillee-la-responsabilite-de-la-commune-ecartee\/","og_site_name":"Abeille Avocats","article_published_time":"2025-10-06T14:25:34+00:00","article_modified_time":"2025-11-03T09:55:03+00:00","author":"Lucile","twitter_card":"summary_large_image","twitter_misc":{"Written by":"Lucile","Est. reading time":"2 minutes"},"schema":{"@context":"https:\/\/schema.org","@graph":[{"@type":"Article","@id":"https:\/\/abeille.law\/noyade-sur-une-plage-non-surveillee-la-responsabilite-de-la-commune-ecartee\/#article","isPartOf":{"@id":"https:\/\/abeille.law\/noyade-sur-une-plage-non-surveillee-la-responsabilite-de-la-commune-ecartee\/"},"author":{"name":"Lucile","@id":"https:\/\/abeille.law\/#\/schema\/person\/4103055647ee877351aacd5bd7a7be49"},"headline":"Noyade sur une plage non surveill\u00e9e : la responsabilit\u00e9 de la commune \u00e9cart\u00e9e","datePublished":"2025-10-06T14:25:34+00:00","dateModified":"2025-11-03T09:55:03+00:00","mainEntityOfPage":{"@id":"https:\/\/abeille.law\/noyade-sur-une-plage-non-surveillee-la-responsabilite-de-la-commune-ecartee\/"},"wordCount":380,"commentCount":0,"articleSection":["Actualit\u00e9s","Juridiques"],"inLanguage":"en-US","potentialAction":[{"@type":"CommentAction","name":"Comment","target":["https:\/\/abeille.law\/noyade-sur-une-plage-non-surveillee-la-responsabilite-de-la-commune-ecartee\/#respond"]}]},{"@type":"WebPage","@id":"https:\/\/abeille.law\/noyade-sur-une-plage-non-surveillee-la-responsabilite-de-la-commune-ecartee\/","url":"https:\/\/abeille.law\/noyade-sur-une-plage-non-surveillee-la-responsabilite-de-la-commune-ecartee\/","name":"Noyade sur une plage non surveill\u00e9e : la responsabilit\u00e9 de la commune \u00e9cart\u00e9e | Abeille Avocats","isPartOf":{"@id":"https:\/\/abeille.law\/#website"},"datePublished":"2025-10-06T14:25:34+00:00","dateModified":"2025-11-03T09:55:03+00:00","author":{"@id":"https:\/\/abeille.law\/#\/schema\/person\/4103055647ee877351aacd5bd7a7be49"},"description":"En ao\u00fbt 2020, un baigneur s\u2019est noy\u00e9 sur une plage non surveill\u00e9e. Son p\u00e8re a recherch\u00e9 la responsabilit\u00e9 de la commune.","breadcrumb":{"@id":"https:\/\/abeille.law\/noyade-sur-une-plage-non-surveillee-la-responsabilite-de-la-commune-ecartee\/#breadcrumb"},"inLanguage":"en-US","potentialAction":[{"@type":"ReadAction","target":["https:\/\/abeille.law\/noyade-sur-une-plage-non-surveillee-la-responsabilite-de-la-commune-ecartee\/"]}]},{"@type":"BreadcrumbList","@id":"https:\/\/abeille.law\/noyade-sur-une-plage-non-surveillee-la-responsabilite-de-la-commune-ecartee\/#breadcrumb","itemListElement":[{"@type":"ListItem","position":1,"name":"Accueil","item":"https:\/\/abeille.law\/en\/"},{"@type":"ListItem","position":2,"name":"Noyade sur une plage non surveill\u00e9e : la responsabilit\u00e9 de la commune \u00e9cart\u00e9e"}]},{"@type":"WebSite","@id":"https:\/\/abeille.law\/#website","url":"https:\/\/abeille.law\/","name":"Abeille Avocats","description":"","alternateName":"Abeille Avocats","potentialAction":[{"@type":"SearchAction","target":{"@type":"EntryPoint","urlTemplate":"https:\/\/abeille.law\/?s={search_term_string}"},"query-input":{"@type":"PropertyValueSpecification","valueRequired":true,"valueName":"search_term_string"}}],"inLanguage":"en-US"},{"@type":"Person","@id":"https:\/\/abeille.law\/#\/schema\/person\/4103055647ee877351aacd5bd7a7be49","name":"Lucile","image":{"@type":"ImageObject","inLanguage":"en-US","@id":"https:\/\/abeille.law\/#\/schema\/person\/image\/","url":"https:\/\/abeille.law\/wp-content\/litespeed\/avatar\/95d953d5544b5efa36efad57db70c259.jpg?ver=1777550419","contentUrl":"https:\/\/abeille.law\/wp-content\/litespeed\/avatar\/95d953d5544b5efa36efad57db70c259.jpg?ver=1777550419","caption":"Lucile"}}]}},"_links":{"self":[{"href":"https:\/\/abeille.law\/en\/wp-json\/wp\/v2\/posts\/13683","targetHints":{"allow":["GET"]}}],"collection":[{"href":"https:\/\/abeille.law\/en\/wp-json\/wp\/v2\/posts"}],"about":[{"href":"https:\/\/abeille.law\/en\/wp-json\/wp\/v2\/types\/post"}],"author":[{"embeddable":true,"href":"https:\/\/abeille.law\/en\/wp-json\/wp\/v2\/users\/7"}],"replies":[{"embeddable":true,"href":"https:\/\/abeille.law\/en\/wp-json\/wp\/v2\/comments?post=13683"}],"version-history":[{"count":2,"href":"https:\/\/abeille.law\/en\/wp-json\/wp\/v2\/posts\/13683\/revisions"}],"predecessor-version":[{"id":13687,"href":"https:\/\/abeille.law\/en\/wp-json\/wp\/v2\/posts\/13683\/revisions\/13687"}],"wp:attachment":[{"href":"https:\/\/abeille.law\/en\/wp-json\/wp\/v2\/media?parent=13683"}],"wp:term":[{"taxonomy":"category","embeddable":true,"href":"https:\/\/abeille.law\/en\/wp-json\/wp\/v2\/categories?post=13683"},{"taxonomy":"post_tag","embeddable":true,"href":"https:\/\/abeille.law\/en\/wp-json\/wp\/v2\/tags?post=13683"}],"curies":[{"name":"wp","href":"https:\/\/api.w.org\/{rel}","templated":true}]}}