{"id":13351,"date":"2025-06-16T08:04:19","date_gmt":"2025-06-16T08:04:19","guid":{"rendered":"https:\/\/abeille.law\/?p=13351"},"modified":"2025-06-16T11:28:28","modified_gmt":"2025-06-16T11:28:28","slug":"la-periode-dessai-du-salarie-ayant-deja-collabore-avec-lentreprise-en-qualite-de-travailleur-independant-est-elle-valide","status":"publish","type":"post","link":"https:\/\/abeille.law\/en\/la-periode-dessai-du-salarie-ayant-deja-collabore-avec-lentreprise-en-qualite-de-travailleur-independant-est-elle-valide\/","title":{"rendered":"La p\u00e9riode d\u2019essai du salari\u00e9 ayant d\u00e9j\u00e0 collabor\u00e9 avec l\u2019entreprise en qualit\u00e9 de travailleur ind\u00e9pendant est-elle valide ?"},"content":{"rendered":"\n<h2 class=\"wp-block-heading\">La validit\u00e9 d&#8217;une p\u00e9riode d&#8217;essai doit s&#8217;appr\u00e9cier au regard de la possibilit\u00e9 effective qu&#8217;a eue l&#8217;employeur d&#8217;\u00e9valuer les comp\u00e9tences professionnelles du salari\u00e9, quelle que soit la forme juridique de la relation de travail ant\u00e9rieure.<\/h2>\n\n\n\n<p>Par un arr\u00eat en date du 29 avril 2025 (n\u00b023-22.389), la Chambre sociale de la Cour de cassation a apport\u00e9 des pr\u00e9cisions quant \u00e0 la validit\u00e9 de la p\u00e9riode d\u2019essai. Ainsi, pour la Cour de cassation, la validit\u00e9 d&#8217;une p\u00e9riode d&#8217;essai ne d\u00e9pend pas uniquement de l&#8217;existence ou non d&#8217;un pr\u00e9c\u00e9dent contrat de travail, mais de la possibilit\u00e9 r\u00e9elle qu&#8217;a eue l&#8217;employeur d&#8217;appr\u00e9cier les comp\u00e9tences professionnelles du salari\u00e9, quelle que soit la forme de la relation de travail ant\u00e9rieure (y compris sous statut d&#8217;ind\u00e9pendant ou d&#8217;auto-entrepreneur).<\/p>\n\n\n\n<p><em>\u00ab Pour rejeter la demande en nullit\u00e9 de la stipulation d&#8217;une p\u00e9riode d&#8217;essai et les demandes indemnitaires pour rupture sans cause r\u00e9elle et s\u00e9rieuse, l&#8217;arr\u00eat retient que le recours \u00e0 une p\u00e9riode d&#8217;essai dans le contrat de travail du 1er septembre 2020 n&#8217;est pas invalide d\u00e8s lors que l&#8217;int\u00e9ress\u00e9e n&#8217;\u00e9tait pas li\u00e9e pr\u00e9c\u00e9demment par un contrat de travail, de sorte que l&#8217;employeur n&#8217;avait pu d\u00e9j\u00e0 appr\u00e9cier les capacit\u00e9s professionnelles de celle-ci dans ce cadre-l\u00e0.<br>En se d\u00e9terminant ainsi, sans rechercher, comme elle y \u00e9tait invit\u00e9e, si l&#8217;employeur n&#8217;avait pas eu l&#8217;occasion d&#8217;appr\u00e9cier les aptitudes professionnelles de la salari\u00e9e lors de la pr\u00e9c\u00e9dente relation de travail, quelle qu&#8217;en soit la forme, la cour d&#8217;appel n&#8217;a pas donn\u00e9 de base l\u00e9gale \u00e0 sa d\u00e9cision.&nbsp;<\/em>\u00bb (Cass. Soc, 29 avril 2025, n\u00b023-22.389).<\/p>\n","protected":false},"excerpt":{"rendered":"<p>La validit\u00e9 d&#8217;une p\u00e9riode d&#8217;essai doit s&#8217;appr\u00e9cier au regard de la possibilit\u00e9 effective qu&#8217;a eue l&#8217;employeur d&#8217;\u00e9valuer les comp\u00e9tences professionnelles du salari\u00e9, quelle que soit la forme juridique de la relation de travail ant\u00e9rieure. Par un arr\u00eat en date du 29 avril 2025 (n\u00b023-22.389), la Chambre sociale de la Cour de cassation a apport\u00e9 des [&hellip;]<\/p>\n","protected":false},"author":7,"featured_media":0,"comment_status":"open","ping_status":"open","sticky":false,"template":"","format":"standard","meta":{"_acf_changed":false,"footnotes":""},"categories":[253,190],"tags":[],"class_list":["post-13351","post","type-post","status-publish","format-standard","hentry","category-format","category-juridiques"],"acf":[],"yoast_head":"<!-- This site is optimized with the Yoast SEO plugin v27.1.1 - https:\/\/yoast.com\/product\/yoast-seo-wordpress\/ -->\n<title>La p\u00e9riode d\u2019essai du salari\u00e9 ayant d\u00e9j\u00e0 collabor\u00e9 avec l\u2019entreprise en qualit\u00e9 de travailleur ind\u00e9pendant est-elle valide ? | Abeille Avocats<\/title>\n<meta name=\"robots\" content=\"index, follow, max-snippet:-1, max-image-preview:large, max-video-preview:-1\" \/>\n<link rel=\"canonical\" href=\"https:\/\/abeille.law\/la-periode-dessai-du-salarie-ayant-deja-collabore-avec-lentreprise-en-qualite-de-travailleur-independant-est-elle-valide\/\" \/>\n<meta property=\"og:locale\" content=\"en_US\" \/>\n<meta property=\"og:type\" content=\"article\" \/>\n<meta property=\"og:title\" content=\"La p\u00e9riode d\u2019essai du salari\u00e9 ayant d\u00e9j\u00e0 collabor\u00e9 avec l\u2019entreprise en qualit\u00e9 de travailleur ind\u00e9pendant est-elle valide ? | Abeille Avocats\" \/>\n<meta property=\"og:description\" content=\"La validit\u00e9 d&#8217;une p\u00e9riode d&#8217;essai doit s&#8217;appr\u00e9cier au regard de la possibilit\u00e9 effective qu&#8217;a eue l&#8217;employeur d&#8217;\u00e9valuer les comp\u00e9tences professionnelles du salari\u00e9, quelle que soit la forme juridique de la relation de travail ant\u00e9rieure. Par un arr\u00eat en date du 29 avril 2025 (n\u00b023-22.389), la Chambre sociale de la Cour de cassation a apport\u00e9 des [&hellip;]\" \/>\n<meta property=\"og:url\" content=\"https:\/\/abeille.law\/la-periode-dessai-du-salarie-ayant-deja-collabore-avec-lentreprise-en-qualite-de-travailleur-independant-est-elle-valide\/\" \/>\n<meta property=\"og:site_name\" content=\"Abeille Avocats\" \/>\n<meta property=\"article:published_time\" content=\"2025-06-16T08:04:19+00:00\" \/>\n<meta property=\"article:modified_time\" content=\"2025-06-16T11:28:28+00:00\" \/>\n<meta name=\"author\" content=\"Lucile\" \/>\n<meta name=\"twitter:card\" content=\"summary_large_image\" \/>\n<meta name=\"twitter:label1\" content=\"Written by\" \/>\n\t<meta name=\"twitter:data1\" content=\"Lucile\" \/>\n\t<meta name=\"twitter:label2\" content=\"Est. reading time\" \/>\n\t<meta name=\"twitter:data2\" content=\"2 minutes\" \/>\n<script type=\"application\/ld+json\" class=\"yoast-schema-graph\">{\"@context\":\"https:\/\/schema.org\",\"@graph\":[{\"@type\":\"Article\",\"@id\":\"https:\/\/abeille.law\/la-periode-dessai-du-salarie-ayant-deja-collabore-avec-lentreprise-en-qualite-de-travailleur-independant-est-elle-valide\/#article\",\"isPartOf\":{\"@id\":\"https:\/\/abeille.law\/la-periode-dessai-du-salarie-ayant-deja-collabore-avec-lentreprise-en-qualite-de-travailleur-independant-est-elle-valide\/\"},\"author\":{\"name\":\"Lucile\",\"@id\":\"https:\/\/abeille.law\/#\/schema\/person\/4103055647ee877351aacd5bd7a7be49\"},\"headline\":\"La p\u00e9riode d\u2019essai du salari\u00e9 ayant d\u00e9j\u00e0 collabor\u00e9 avec l\u2019entreprise en qualit\u00e9 de travailleur ind\u00e9pendant est-elle valide ?\",\"datePublished\":\"2025-06-16T08:04:19+00:00\",\"dateModified\":\"2025-06-16T11:28:28+00:00\",\"mainEntityOfPage\":{\"@id\":\"https:\/\/abeille.law\/la-periode-dessai-du-salarie-ayant-deja-collabore-avec-lentreprise-en-qualite-de-travailleur-independant-est-elle-valide\/\"},\"wordCount\":334,\"commentCount\":0,\"articleSection\":[\"Actualit\u00e9s\",\"Juridiques\"],\"inLanguage\":\"en-US\",\"potentialAction\":[{\"@type\":\"CommentAction\",\"name\":\"Comment\",\"target\":[\"https:\/\/abeille.law\/la-periode-dessai-du-salarie-ayant-deja-collabore-avec-lentreprise-en-qualite-de-travailleur-independant-est-elle-valide\/#respond\"]}]},{\"@type\":\"WebPage\",\"@id\":\"https:\/\/abeille.law\/la-periode-dessai-du-salarie-ayant-deja-collabore-avec-lentreprise-en-qualite-de-travailleur-independant-est-elle-valide\/\",\"url\":\"https:\/\/abeille.law\/la-periode-dessai-du-salarie-ayant-deja-collabore-avec-lentreprise-en-qualite-de-travailleur-independant-est-elle-valide\/\",\"name\":\"La p\u00e9riode d\u2019essai du salari\u00e9 ayant d\u00e9j\u00e0 collabor\u00e9 avec l\u2019entreprise en qualit\u00e9 de travailleur ind\u00e9pendant est-elle valide ? | Abeille Avocats\",\"isPartOf\":{\"@id\":\"https:\/\/abeille.law\/#website\"},\"datePublished\":\"2025-06-16T08:04:19+00:00\",\"dateModified\":\"2025-06-16T11:28:28+00:00\",\"author\":{\"@id\":\"https:\/\/abeille.law\/#\/schema\/person\/4103055647ee877351aacd5bd7a7be49\"},\"breadcrumb\":{\"@id\":\"https:\/\/abeille.law\/la-periode-dessai-du-salarie-ayant-deja-collabore-avec-lentreprise-en-qualite-de-travailleur-independant-est-elle-valide\/#breadcrumb\"},\"inLanguage\":\"en-US\",\"potentialAction\":[{\"@type\":\"ReadAction\",\"target\":[\"https:\/\/abeille.law\/la-periode-dessai-du-salarie-ayant-deja-collabore-avec-lentreprise-en-qualite-de-travailleur-independant-est-elle-valide\/\"]}]},{\"@type\":\"BreadcrumbList\",\"@id\":\"https:\/\/abeille.law\/la-periode-dessai-du-salarie-ayant-deja-collabore-avec-lentreprise-en-qualite-de-travailleur-independant-est-elle-valide\/#breadcrumb\",\"itemListElement\":[{\"@type\":\"ListItem\",\"position\":1,\"name\":\"Accueil\",\"item\":\"https:\/\/abeille.law\/en\/\"},{\"@type\":\"ListItem\",\"position\":2,\"name\":\"La p\u00e9riode d\u2019essai du salari\u00e9 ayant d\u00e9j\u00e0 collabor\u00e9 avec l\u2019entreprise en qualit\u00e9 de travailleur ind\u00e9pendant est-elle valide ?\"}]},{\"@type\":\"WebSite\",\"@id\":\"https:\/\/abeille.law\/#website\",\"url\":\"https:\/\/abeille.law\/\",\"name\":\"Abeille Avocats\",\"description\":\"\",\"alternateName\":\"Abeille Avocats\",\"potentialAction\":[{\"@type\":\"SearchAction\",\"target\":{\"@type\":\"EntryPoint\",\"urlTemplate\":\"https:\/\/abeille.law\/?s={search_term_string}\"},\"query-input\":{\"@type\":\"PropertyValueSpecification\",\"valueRequired\":true,\"valueName\":\"search_term_string\"}}],\"inLanguage\":\"en-US\"},{\"@type\":\"Person\",\"@id\":\"https:\/\/abeille.law\/#\/schema\/person\/4103055647ee877351aacd5bd7a7be49\",\"name\":\"Lucile\",\"image\":{\"@type\":\"ImageObject\",\"inLanguage\":\"en-US\",\"@id\":\"https:\/\/abeille.law\/#\/schema\/person\/image\/\",\"url\":\"https:\/\/abeille.law\/wp-content\/litespeed\/avatar\/95d953d5544b5efa36efad57db70c259.jpg?ver=1777550419\",\"contentUrl\":\"https:\/\/abeille.law\/wp-content\/litespeed\/avatar\/95d953d5544b5efa36efad57db70c259.jpg?ver=1777550419\",\"caption\":\"Lucile\"}}]}<\/script>\n<!-- \/ Yoast SEO plugin. -->","yoast_head_json":{"title":"La p\u00e9riode d\u2019essai du salari\u00e9 ayant d\u00e9j\u00e0 collabor\u00e9 avec l\u2019entreprise en qualit\u00e9 de travailleur ind\u00e9pendant est-elle valide ? | Abeille Avocats","robots":{"index":"index","follow":"follow","max-snippet":"max-snippet:-1","max-image-preview":"max-image-preview:large","max-video-preview":"max-video-preview:-1"},"canonical":"https:\/\/abeille.law\/la-periode-dessai-du-salarie-ayant-deja-collabore-avec-lentreprise-en-qualite-de-travailleur-independant-est-elle-valide\/","og_locale":"en_US","og_type":"article","og_title":"La p\u00e9riode d\u2019essai du salari\u00e9 ayant d\u00e9j\u00e0 collabor\u00e9 avec l\u2019entreprise en qualit\u00e9 de travailleur ind\u00e9pendant est-elle valide ? | Abeille Avocats","og_description":"La validit\u00e9 d&#8217;une p\u00e9riode d&#8217;essai doit s&#8217;appr\u00e9cier au regard de la possibilit\u00e9 effective qu&#8217;a eue l&#8217;employeur d&#8217;\u00e9valuer les comp\u00e9tences professionnelles du salari\u00e9, quelle que soit la forme juridique de la relation de travail ant\u00e9rieure. Par un arr\u00eat en date du 29 avril 2025 (n\u00b023-22.389), la Chambre sociale de la Cour de cassation a apport\u00e9 des [&hellip;]","og_url":"https:\/\/abeille.law\/la-periode-dessai-du-salarie-ayant-deja-collabore-avec-lentreprise-en-qualite-de-travailleur-independant-est-elle-valide\/","og_site_name":"Abeille Avocats","article_published_time":"2025-06-16T08:04:19+00:00","article_modified_time":"2025-06-16T11:28:28+00:00","author":"Lucile","twitter_card":"summary_large_image","twitter_misc":{"Written by":"Lucile","Est. reading time":"2 minutes"},"schema":{"@context":"https:\/\/schema.org","@graph":[{"@type":"Article","@id":"https:\/\/abeille.law\/la-periode-dessai-du-salarie-ayant-deja-collabore-avec-lentreprise-en-qualite-de-travailleur-independant-est-elle-valide\/#article","isPartOf":{"@id":"https:\/\/abeille.law\/la-periode-dessai-du-salarie-ayant-deja-collabore-avec-lentreprise-en-qualite-de-travailleur-independant-est-elle-valide\/"},"author":{"name":"Lucile","@id":"https:\/\/abeille.law\/#\/schema\/person\/4103055647ee877351aacd5bd7a7be49"},"headline":"La p\u00e9riode d\u2019essai du salari\u00e9 ayant d\u00e9j\u00e0 collabor\u00e9 avec l\u2019entreprise en qualit\u00e9 de travailleur ind\u00e9pendant est-elle valide ?","datePublished":"2025-06-16T08:04:19+00:00","dateModified":"2025-06-16T11:28:28+00:00","mainEntityOfPage":{"@id":"https:\/\/abeille.law\/la-periode-dessai-du-salarie-ayant-deja-collabore-avec-lentreprise-en-qualite-de-travailleur-independant-est-elle-valide\/"},"wordCount":334,"commentCount":0,"articleSection":["Actualit\u00e9s","Juridiques"],"inLanguage":"en-US","potentialAction":[{"@type":"CommentAction","name":"Comment","target":["https:\/\/abeille.law\/la-periode-dessai-du-salarie-ayant-deja-collabore-avec-lentreprise-en-qualite-de-travailleur-independant-est-elle-valide\/#respond"]}]},{"@type":"WebPage","@id":"https:\/\/abeille.law\/la-periode-dessai-du-salarie-ayant-deja-collabore-avec-lentreprise-en-qualite-de-travailleur-independant-est-elle-valide\/","url":"https:\/\/abeille.law\/la-periode-dessai-du-salarie-ayant-deja-collabore-avec-lentreprise-en-qualite-de-travailleur-independant-est-elle-valide\/","name":"La p\u00e9riode d\u2019essai du salari\u00e9 ayant d\u00e9j\u00e0 collabor\u00e9 avec l\u2019entreprise en qualit\u00e9 de travailleur ind\u00e9pendant est-elle valide ? | Abeille Avocats","isPartOf":{"@id":"https:\/\/abeille.law\/#website"},"datePublished":"2025-06-16T08:04:19+00:00","dateModified":"2025-06-16T11:28:28+00:00","author":{"@id":"https:\/\/abeille.law\/#\/schema\/person\/4103055647ee877351aacd5bd7a7be49"},"breadcrumb":{"@id":"https:\/\/abeille.law\/la-periode-dessai-du-salarie-ayant-deja-collabore-avec-lentreprise-en-qualite-de-travailleur-independant-est-elle-valide\/#breadcrumb"},"inLanguage":"en-US","potentialAction":[{"@type":"ReadAction","target":["https:\/\/abeille.law\/la-periode-dessai-du-salarie-ayant-deja-collabore-avec-lentreprise-en-qualite-de-travailleur-independant-est-elle-valide\/"]}]},{"@type":"BreadcrumbList","@id":"https:\/\/abeille.law\/la-periode-dessai-du-salarie-ayant-deja-collabore-avec-lentreprise-en-qualite-de-travailleur-independant-est-elle-valide\/#breadcrumb","itemListElement":[{"@type":"ListItem","position":1,"name":"Accueil","item":"https:\/\/abeille.law\/en\/"},{"@type":"ListItem","position":2,"name":"La p\u00e9riode d\u2019essai du salari\u00e9 ayant d\u00e9j\u00e0 collabor\u00e9 avec l\u2019entreprise en qualit\u00e9 de travailleur ind\u00e9pendant est-elle valide ?"}]},{"@type":"WebSite","@id":"https:\/\/abeille.law\/#website","url":"https:\/\/abeille.law\/","name":"Abeille Avocats","description":"","alternateName":"Abeille Avocats","potentialAction":[{"@type":"SearchAction","target":{"@type":"EntryPoint","urlTemplate":"https:\/\/abeille.law\/?s={search_term_string}"},"query-input":{"@type":"PropertyValueSpecification","valueRequired":true,"valueName":"search_term_string"}}],"inLanguage":"en-US"},{"@type":"Person","@id":"https:\/\/abeille.law\/#\/schema\/person\/4103055647ee877351aacd5bd7a7be49","name":"Lucile","image":{"@type":"ImageObject","inLanguage":"en-US","@id":"https:\/\/abeille.law\/#\/schema\/person\/image\/","url":"https:\/\/abeille.law\/wp-content\/litespeed\/avatar\/95d953d5544b5efa36efad57db70c259.jpg?ver=1777550419","contentUrl":"https:\/\/abeille.law\/wp-content\/litespeed\/avatar\/95d953d5544b5efa36efad57db70c259.jpg?ver=1777550419","caption":"Lucile"}}]}},"_links":{"self":[{"href":"https:\/\/abeille.law\/en\/wp-json\/wp\/v2\/posts\/13351","targetHints":{"allow":["GET"]}}],"collection":[{"href":"https:\/\/abeille.law\/en\/wp-json\/wp\/v2\/posts"}],"about":[{"href":"https:\/\/abeille.law\/en\/wp-json\/wp\/v2\/types\/post"}],"author":[{"embeddable":true,"href":"https:\/\/abeille.law\/en\/wp-json\/wp\/v2\/users\/7"}],"replies":[{"embeddable":true,"href":"https:\/\/abeille.law\/en\/wp-json\/wp\/v2\/comments?post=13351"}],"version-history":[{"count":2,"href":"https:\/\/abeille.law\/en\/wp-json\/wp\/v2\/posts\/13351\/revisions"}],"predecessor-version":[{"id":13365,"href":"https:\/\/abeille.law\/en\/wp-json\/wp\/v2\/posts\/13351\/revisions\/13365"}],"wp:attachment":[{"href":"https:\/\/abeille.law\/en\/wp-json\/wp\/v2\/media?parent=13351"}],"wp:term":[{"taxonomy":"category","embeddable":true,"href":"https:\/\/abeille.law\/en\/wp-json\/wp\/v2\/categories?post=13351"},{"taxonomy":"post_tag","embeddable":true,"href":"https:\/\/abeille.law\/en\/wp-json\/wp\/v2\/tags?post=13351"}],"curies":[{"name":"wp","href":"https:\/\/api.w.org\/{rel}","templated":true}]}}