{"id":12457,"date":"2024-04-18T09:20:26","date_gmt":"2024-04-18T09:20:26","guid":{"rendered":"https:\/\/abeille.law\/?p=12457"},"modified":"2024-04-18T09:20:27","modified_gmt":"2024-04-18T09:20:27","slug":"ce-quil-faut-retenir-sur-les-arrets-maladies-conges-payes","status":"publish","type":"post","link":"https:\/\/abeille.law\/en\/ce-quil-faut-retenir-sur-les-arrets-maladies-conges-payes\/","title":{"rendered":"Ce qu&#8217;il faut retenir sur les arr\u00eats maladies &amp; cong\u00e9s pay\u00e9s !"},"content":{"rendered":"\n<p>Le 10 avril 2024, le Parlement a d\u00e9finitivement adopt\u00e9 le projet de loi d\u2019adaptation au droit de l\u2019Union Europ\u00e9enne, comprenant l\u2019amendement du gouvernement relatif \u00e0 la mise en conformit\u00e9 du Code du travail au droit europ\u00e9en en mati\u00e8re d\u2019acquisition des cong\u00e9s pay\u00e9s durant les p\u00e9riodes d\u2019arr\u00eat maladie.<\/p>\n\n\n\n<figure class=\"wp-block-image size-large\"><img loading=\"lazy\" decoding=\"async\" width=\"724\" height=\"1024\" src=\"https:\/\/abeille.law\/wp-content\/uploads\/2024\/04\/avril-2024-ARRETS-MALADIE-ET-CONGES-PAYES-724x1024.jpg\" alt=\"\" class=\"wp-image-12458\" srcset=\"https:\/\/abeille.law\/wp-content\/uploads\/2024\/04\/avril-2024-ARRETS-MALADIE-ET-CONGES-PAYES-724x1024.jpg 724w, https:\/\/abeille.law\/wp-content\/uploads\/2024\/04\/avril-2024-ARRETS-MALADIE-ET-CONGES-PAYES-212x300.jpg 212w, https:\/\/abeille.law\/wp-content\/uploads\/2024\/04\/avril-2024-ARRETS-MALADIE-ET-CONGES-PAYES-768x1086.jpg 768w, https:\/\/abeille.law\/wp-content\/uploads\/2024\/04\/avril-2024-ARRETS-MALADIE-ET-CONGES-PAYES-1086x1536.jpg 1086w, https:\/\/abeille.law\/wp-content\/uploads\/2024\/04\/avril-2024-ARRETS-MALADIE-ET-CONGES-PAYES-1448x2048.jpg 1448w, https:\/\/abeille.law\/wp-content\/uploads\/2024\/04\/avril-2024-ARRETS-MALADIE-ET-CONGES-PAYES-scaled.jpg 1810w\" sizes=\"auto, (max-width: 724px) 100vw, 724px\" \/><\/figure>\n\n\n\n<div class=\"wp-block-buttons is-content-justification-center is-layout-flex wp-container-core-buttons-is-layout-16018d1d wp-block-buttons-is-layout-flex\">\n<div class=\"wp-block-button\"><a class=\"wp-block-button__link has-text-align-center wp-element-button\" href=\"https:\/\/abeille.law\/wp-content\/uploads\/2024\/04\/avril-2024-ARRETS-MALADIE-ET-CONGES-PAYES.pdf\">T\u00e9l\u00e9charger le document en pdf<\/a><\/div>\n<\/div>\n","protected":false},"excerpt":{"rendered":"<p>Le 10 avril 2024, le Parlement a d\u00e9finitivement adopt\u00e9 le projet de loi d\u2019adaptation au droit de l\u2019Union Europ\u00e9enne, comprenant l\u2019amendement du gouvernement relatif \u00e0 la mise en conformit\u00e9 du Code du travail au droit europ\u00e9en en mati\u00e8re d\u2019acquisition des cong\u00e9s pay\u00e9s durant les p\u00e9riodes d\u2019arr\u00eat maladie.<\/p>\n","protected":false},"author":7,"featured_media":0,"comment_status":"open","ping_status":"open","sticky":false,"template":"","format":"standard","meta":{"_acf_changed":false,"footnotes":""},"categories":[3],"tags":[],"class_list":["post-12457","post","type-post","status-publish","format-standard","hentry","category-non-classifiee"],"acf":[],"yoast_head":"<!-- This site is optimized with the Yoast SEO plugin v27.1.1 - https:\/\/yoast.com\/product\/yoast-seo-wordpress\/ -->\n<title>Ce qu&#039;il faut retenir sur les arr\u00eats maladies &amp; cong\u00e9s pay\u00e9s ! | Abeille Avocats<\/title>\n<meta name=\"robots\" content=\"index, follow, max-snippet:-1, max-image-preview:large, max-video-preview:-1\" \/>\n<link rel=\"canonical\" href=\"https:\/\/abeille.law\/ce-quil-faut-retenir-sur-les-arrets-maladies-conges-payes\/\" \/>\n<meta property=\"og:locale\" content=\"en_US\" \/>\n<meta property=\"og:type\" content=\"article\" \/>\n<meta property=\"og:title\" content=\"Ce qu&#039;il faut retenir sur les arr\u00eats maladies &amp; cong\u00e9s pay\u00e9s ! | Abeille Avocats\" \/>\n<meta property=\"og:description\" content=\"Le 10 avril 2024, le Parlement a d\u00e9finitivement adopt\u00e9 le projet de loi d\u2019adaptation au droit de l\u2019Union Europ\u00e9enne, comprenant l\u2019amendement du gouvernement relatif \u00e0 la mise en conformit\u00e9 du Code du travail au droit europ\u00e9en en mati\u00e8re d\u2019acquisition des cong\u00e9s pay\u00e9s durant les p\u00e9riodes d\u2019arr\u00eat maladie.\" \/>\n<meta property=\"og:url\" content=\"https:\/\/abeille.law\/ce-quil-faut-retenir-sur-les-arrets-maladies-conges-payes\/\" \/>\n<meta property=\"og:site_name\" content=\"Abeille Avocats\" \/>\n<meta property=\"article:published_time\" content=\"2024-04-18T09:20:26+00:00\" \/>\n<meta property=\"article:modified_time\" content=\"2024-04-18T09:20:27+00:00\" \/>\n<meta property=\"og:image\" content=\"https:\/\/abeille.law\/wp-content\/uploads\/2024\/04\/avril-2024-ARRETS-MALADIE-ET-CONGES-PAYES-724x1024.jpg\" \/>\n<meta name=\"author\" content=\"Lucile\" \/>\n<meta name=\"twitter:card\" content=\"summary_large_image\" \/>\n<meta name=\"twitter:label1\" content=\"Written by\" \/>\n\t<meta name=\"twitter:data1\" content=\"Lucile\" \/>\n\t<meta name=\"twitter:label2\" content=\"Est. reading time\" \/>\n\t<meta name=\"twitter:data2\" content=\"1 minute\" \/>\n<script type=\"application\/ld+json\" class=\"yoast-schema-graph\">{\"@context\":\"https:\/\/schema.org\",\"@graph\":[{\"@type\":\"Article\",\"@id\":\"https:\/\/abeille.law\/ce-quil-faut-retenir-sur-les-arrets-maladies-conges-payes\/#article\",\"isPartOf\":{\"@id\":\"https:\/\/abeille.law\/ce-quil-faut-retenir-sur-les-arrets-maladies-conges-payes\/\"},\"author\":{\"name\":\"Lucile\",\"@id\":\"https:\/\/abeille.law\/#\/schema\/person\/4103055647ee877351aacd5bd7a7be49\"},\"headline\":\"Ce qu&#8217;il faut retenir sur les arr\u00eats maladies &amp; cong\u00e9s pay\u00e9s !\",\"datePublished\":\"2024-04-18T09:20:26+00:00\",\"dateModified\":\"2024-04-18T09:20:27+00:00\",\"mainEntityOfPage\":{\"@id\":\"https:\/\/abeille.law\/ce-quil-faut-retenir-sur-les-arrets-maladies-conges-payes\/\"},\"wordCount\":79,\"commentCount\":0,\"image\":{\"@id\":\"https:\/\/abeille.law\/ce-quil-faut-retenir-sur-les-arrets-maladies-conges-payes\/#primaryimage\"},\"thumbnailUrl\":\"https:\/\/abeille.law\/wp-content\/uploads\/2024\/04\/avril-2024-ARRETS-MALADIE-ET-CONGES-PAYES-724x1024.jpg\",\"articleSection\":[\"Non classifi\u00e9(e)\"],\"inLanguage\":\"en-US\",\"potentialAction\":[{\"@type\":\"CommentAction\",\"name\":\"Comment\",\"target\":[\"https:\/\/abeille.law\/ce-quil-faut-retenir-sur-les-arrets-maladies-conges-payes\/#respond\"]}]},{\"@type\":\"WebPage\",\"@id\":\"https:\/\/abeille.law\/ce-quil-faut-retenir-sur-les-arrets-maladies-conges-payes\/\",\"url\":\"https:\/\/abeille.law\/ce-quil-faut-retenir-sur-les-arrets-maladies-conges-payes\/\",\"name\":\"Ce qu'il faut retenir sur les arr\u00eats maladies &amp; cong\u00e9s pay\u00e9s ! | Abeille Avocats\",\"isPartOf\":{\"@id\":\"https:\/\/abeille.law\/#website\"},\"primaryImageOfPage\":{\"@id\":\"https:\/\/abeille.law\/ce-quil-faut-retenir-sur-les-arrets-maladies-conges-payes\/#primaryimage\"},\"image\":{\"@id\":\"https:\/\/abeille.law\/ce-quil-faut-retenir-sur-les-arrets-maladies-conges-payes\/#primaryimage\"},\"thumbnailUrl\":\"https:\/\/abeille.law\/wp-content\/uploads\/2024\/04\/avril-2024-ARRETS-MALADIE-ET-CONGES-PAYES-724x1024.jpg\",\"datePublished\":\"2024-04-18T09:20:26+00:00\",\"dateModified\":\"2024-04-18T09:20:27+00:00\",\"author\":{\"@id\":\"https:\/\/abeille.law\/#\/schema\/person\/4103055647ee877351aacd5bd7a7be49\"},\"breadcrumb\":{\"@id\":\"https:\/\/abeille.law\/ce-quil-faut-retenir-sur-les-arrets-maladies-conges-payes\/#breadcrumb\"},\"inLanguage\":\"en-US\",\"potentialAction\":[{\"@type\":\"ReadAction\",\"target\":[\"https:\/\/abeille.law\/ce-quil-faut-retenir-sur-les-arrets-maladies-conges-payes\/\"]}]},{\"@type\":\"ImageObject\",\"inLanguage\":\"en-US\",\"@id\":\"https:\/\/abeille.law\/ce-quil-faut-retenir-sur-les-arrets-maladies-conges-payes\/#primaryimage\",\"url\":\"https:\/\/abeille.law\/wp-content\/uploads\/2024\/04\/avril-2024-ARRETS-MALADIE-ET-CONGES-PAYES-724x1024.jpg\",\"contentUrl\":\"https:\/\/abeille.law\/wp-content\/uploads\/2024\/04\/avril-2024-ARRETS-MALADIE-ET-CONGES-PAYES-724x1024.jpg\"},{\"@type\":\"BreadcrumbList\",\"@id\":\"https:\/\/abeille.law\/ce-quil-faut-retenir-sur-les-arrets-maladies-conges-payes\/#breadcrumb\",\"itemListElement\":[{\"@type\":\"ListItem\",\"position\":1,\"name\":\"Accueil\",\"item\":\"https:\/\/abeille.law\/en\/\"},{\"@type\":\"ListItem\",\"position\":2,\"name\":\"Ce qu&rsquo;il faut retenir sur les arr\u00eats maladies &amp; cong\u00e9s pay\u00e9s !\"}]},{\"@type\":\"WebSite\",\"@id\":\"https:\/\/abeille.law\/#website\",\"url\":\"https:\/\/abeille.law\/\",\"name\":\"Abeille Avocats\",\"description\":\"\",\"alternateName\":\"Abeille Avocats\",\"potentialAction\":[{\"@type\":\"SearchAction\",\"target\":{\"@type\":\"EntryPoint\",\"urlTemplate\":\"https:\/\/abeille.law\/?s={search_term_string}\"},\"query-input\":{\"@type\":\"PropertyValueSpecification\",\"valueRequired\":true,\"valueName\":\"search_term_string\"}}],\"inLanguage\":\"en-US\"},{\"@type\":\"Person\",\"@id\":\"https:\/\/abeille.law\/#\/schema\/person\/4103055647ee877351aacd5bd7a7be49\",\"name\":\"Lucile\",\"image\":{\"@type\":\"ImageObject\",\"inLanguage\":\"en-US\",\"@id\":\"https:\/\/abeille.law\/#\/schema\/person\/image\/\",\"url\":\"https:\/\/abeille.law\/wp-content\/litespeed\/avatar\/95d953d5544b5efa36efad57db70c259.jpg?ver=1777550419\",\"contentUrl\":\"https:\/\/abeille.law\/wp-content\/litespeed\/avatar\/95d953d5544b5efa36efad57db70c259.jpg?ver=1777550419\",\"caption\":\"Lucile\"}}]}<\/script>\n<!-- \/ Yoast SEO plugin. -->","yoast_head_json":{"title":"Ce qu'il faut retenir sur les arr\u00eats maladies &amp; cong\u00e9s pay\u00e9s ! | Abeille Avocats","robots":{"index":"index","follow":"follow","max-snippet":"max-snippet:-1","max-image-preview":"max-image-preview:large","max-video-preview":"max-video-preview:-1"},"canonical":"https:\/\/abeille.law\/ce-quil-faut-retenir-sur-les-arrets-maladies-conges-payes\/","og_locale":"en_US","og_type":"article","og_title":"Ce qu'il faut retenir sur les arr\u00eats maladies &amp; cong\u00e9s pay\u00e9s ! | Abeille Avocats","og_description":"Le 10 avril 2024, le Parlement a d\u00e9finitivement adopt\u00e9 le projet de loi d\u2019adaptation au droit de l\u2019Union Europ\u00e9enne, comprenant l\u2019amendement du gouvernement relatif \u00e0 la mise en conformit\u00e9 du Code du travail au droit europ\u00e9en en mati\u00e8re d\u2019acquisition des cong\u00e9s pay\u00e9s durant les p\u00e9riodes d\u2019arr\u00eat maladie.","og_url":"https:\/\/abeille.law\/ce-quil-faut-retenir-sur-les-arrets-maladies-conges-payes\/","og_site_name":"Abeille Avocats","article_published_time":"2024-04-18T09:20:26+00:00","article_modified_time":"2024-04-18T09:20:27+00:00","og_image":[{"url":"https:\/\/abeille.law\/wp-content\/uploads\/2024\/04\/avril-2024-ARRETS-MALADIE-ET-CONGES-PAYES-724x1024.jpg","type":"","width":"","height":""}],"author":"Lucile","twitter_card":"summary_large_image","twitter_misc":{"Written by":"Lucile","Est. reading time":"1 minute"},"schema":{"@context":"https:\/\/schema.org","@graph":[{"@type":"Article","@id":"https:\/\/abeille.law\/ce-quil-faut-retenir-sur-les-arrets-maladies-conges-payes\/#article","isPartOf":{"@id":"https:\/\/abeille.law\/ce-quil-faut-retenir-sur-les-arrets-maladies-conges-payes\/"},"author":{"name":"Lucile","@id":"https:\/\/abeille.law\/#\/schema\/person\/4103055647ee877351aacd5bd7a7be49"},"headline":"Ce qu&#8217;il faut retenir sur les arr\u00eats maladies &amp; cong\u00e9s pay\u00e9s !","datePublished":"2024-04-18T09:20:26+00:00","dateModified":"2024-04-18T09:20:27+00:00","mainEntityOfPage":{"@id":"https:\/\/abeille.law\/ce-quil-faut-retenir-sur-les-arrets-maladies-conges-payes\/"},"wordCount":79,"commentCount":0,"image":{"@id":"https:\/\/abeille.law\/ce-quil-faut-retenir-sur-les-arrets-maladies-conges-payes\/#primaryimage"},"thumbnailUrl":"https:\/\/abeille.law\/wp-content\/uploads\/2024\/04\/avril-2024-ARRETS-MALADIE-ET-CONGES-PAYES-724x1024.jpg","articleSection":["Non classifi\u00e9(e)"],"inLanguage":"en-US","potentialAction":[{"@type":"CommentAction","name":"Comment","target":["https:\/\/abeille.law\/ce-quil-faut-retenir-sur-les-arrets-maladies-conges-payes\/#respond"]}]},{"@type":"WebPage","@id":"https:\/\/abeille.law\/ce-quil-faut-retenir-sur-les-arrets-maladies-conges-payes\/","url":"https:\/\/abeille.law\/ce-quil-faut-retenir-sur-les-arrets-maladies-conges-payes\/","name":"Ce qu'il faut retenir sur les arr\u00eats maladies &amp; cong\u00e9s pay\u00e9s ! | Abeille Avocats","isPartOf":{"@id":"https:\/\/abeille.law\/#website"},"primaryImageOfPage":{"@id":"https:\/\/abeille.law\/ce-quil-faut-retenir-sur-les-arrets-maladies-conges-payes\/#primaryimage"},"image":{"@id":"https:\/\/abeille.law\/ce-quil-faut-retenir-sur-les-arrets-maladies-conges-payes\/#primaryimage"},"thumbnailUrl":"https:\/\/abeille.law\/wp-content\/uploads\/2024\/04\/avril-2024-ARRETS-MALADIE-ET-CONGES-PAYES-724x1024.jpg","datePublished":"2024-04-18T09:20:26+00:00","dateModified":"2024-04-18T09:20:27+00:00","author":{"@id":"https:\/\/abeille.law\/#\/schema\/person\/4103055647ee877351aacd5bd7a7be49"},"breadcrumb":{"@id":"https:\/\/abeille.law\/ce-quil-faut-retenir-sur-les-arrets-maladies-conges-payes\/#breadcrumb"},"inLanguage":"en-US","potentialAction":[{"@type":"ReadAction","target":["https:\/\/abeille.law\/ce-quil-faut-retenir-sur-les-arrets-maladies-conges-payes\/"]}]},{"@type":"ImageObject","inLanguage":"en-US","@id":"https:\/\/abeille.law\/ce-quil-faut-retenir-sur-les-arrets-maladies-conges-payes\/#primaryimage","url":"https:\/\/abeille.law\/wp-content\/uploads\/2024\/04\/avril-2024-ARRETS-MALADIE-ET-CONGES-PAYES-724x1024.jpg","contentUrl":"https:\/\/abeille.law\/wp-content\/uploads\/2024\/04\/avril-2024-ARRETS-MALADIE-ET-CONGES-PAYES-724x1024.jpg"},{"@type":"BreadcrumbList","@id":"https:\/\/abeille.law\/ce-quil-faut-retenir-sur-les-arrets-maladies-conges-payes\/#breadcrumb","itemListElement":[{"@type":"ListItem","position":1,"name":"Accueil","item":"https:\/\/abeille.law\/en\/"},{"@type":"ListItem","position":2,"name":"Ce qu&rsquo;il faut retenir sur les arr\u00eats maladies &amp; cong\u00e9s pay\u00e9s !"}]},{"@type":"WebSite","@id":"https:\/\/abeille.law\/#website","url":"https:\/\/abeille.law\/","name":"Abeille Avocats","description":"","alternateName":"Abeille Avocats","potentialAction":[{"@type":"SearchAction","target":{"@type":"EntryPoint","urlTemplate":"https:\/\/abeille.law\/?s={search_term_string}"},"query-input":{"@type":"PropertyValueSpecification","valueRequired":true,"valueName":"search_term_string"}}],"inLanguage":"en-US"},{"@type":"Person","@id":"https:\/\/abeille.law\/#\/schema\/person\/4103055647ee877351aacd5bd7a7be49","name":"Lucile","image":{"@type":"ImageObject","inLanguage":"en-US","@id":"https:\/\/abeille.law\/#\/schema\/person\/image\/","url":"https:\/\/abeille.law\/wp-content\/litespeed\/avatar\/95d953d5544b5efa36efad57db70c259.jpg?ver=1777550419","contentUrl":"https:\/\/abeille.law\/wp-content\/litespeed\/avatar\/95d953d5544b5efa36efad57db70c259.jpg?ver=1777550419","caption":"Lucile"}}]}},"_links":{"self":[{"href":"https:\/\/abeille.law\/en\/wp-json\/wp\/v2\/posts\/12457","targetHints":{"allow":["GET"]}}],"collection":[{"href":"https:\/\/abeille.law\/en\/wp-json\/wp\/v2\/posts"}],"about":[{"href":"https:\/\/abeille.law\/en\/wp-json\/wp\/v2\/types\/post"}],"author":[{"embeddable":true,"href":"https:\/\/abeille.law\/en\/wp-json\/wp\/v2\/users\/7"}],"replies":[{"embeddable":true,"href":"https:\/\/abeille.law\/en\/wp-json\/wp\/v2\/comments?post=12457"}],"version-history":[{"count":1,"href":"https:\/\/abeille.law\/en\/wp-json\/wp\/v2\/posts\/12457\/revisions"}],"predecessor-version":[{"id":12460,"href":"https:\/\/abeille.law\/en\/wp-json\/wp\/v2\/posts\/12457\/revisions\/12460"}],"wp:attachment":[{"href":"https:\/\/abeille.law\/en\/wp-json\/wp\/v2\/media?parent=12457"}],"wp:term":[{"taxonomy":"category","embeddable":true,"href":"https:\/\/abeille.law\/en\/wp-json\/wp\/v2\/categories?post=12457"},{"taxonomy":"post_tag","embeddable":true,"href":"https:\/\/abeille.law\/en\/wp-json\/wp\/v2\/tags?post=12457"}],"curies":[{"name":"wp","href":"https:\/\/api.w.org\/{rel}","templated":true}]}}