{"id":12416,"date":"2024-03-28T11:35:00","date_gmt":"2024-03-28T11:35:00","guid":{"rendered":"https:\/\/abeille.law\/?p=12416"},"modified":"2024-04-17T11:39:41","modified_gmt":"2024-04-17T11:39:41","slug":"abeille-avocats-present-a-nimes-depuis-14-ans","status":"publish","type":"post","link":"https:\/\/abeille.law\/en\/abeille-avocats-present-a-nimes-depuis-14-ans\/","title":{"rendered":"Abeille Avocats pr\u00e9sent \u00e0 N\u00eemes depuis 14 ans !"},"content":{"rendered":"\n<h2 class=\"wp-block-heading\">Apr\u00e8s vous avoir pr\u00e9sent\u00e9 nos bureaux de Paris et Lyon, nous vous faisons d\u00e9couvrir aujourd\u2019hui notre rayonnante antenne de N\u00eemes qui a d\u00e9j\u00e0 14 ans.<\/h2>\n\n\n<div class=\"wp-block-image\">\n<figure class=\"aligncenter size-large is-resized\"><img loading=\"lazy\" decoding=\"async\" width=\"1024\" height=\"652\" src=\"https:\/\/abeille.law\/wp-content\/uploads\/2024\/04\/Visuel-Nimes-copie-1024x652.jpg\" alt=\"\" class=\"wp-image-12417\" style=\"width:642px;height:auto\" srcset=\"https:\/\/abeille.law\/wp-content\/uploads\/2024\/04\/Visuel-Nimes-copie-1024x652.jpg 1024w, https:\/\/abeille.law\/wp-content\/uploads\/2024\/04\/Visuel-Nimes-copie-300x191.jpg 300w, https:\/\/abeille.law\/wp-content\/uploads\/2024\/04\/Visuel-Nimes-copie-768x489.jpg 768w, https:\/\/abeille.law\/wp-content\/uploads\/2024\/04\/Visuel-Nimes-copie-1536x978.jpg 1536w, https:\/\/abeille.law\/wp-content\/uploads\/2024\/04\/Visuel-Nimes-copie-2048x1304.jpg 2048w\" sizes=\"auto, (max-width: 1024px) 100vw, 1024px\" \/><\/figure>\n<\/div>\n\n\n<p>Situ\u00e9 au beau milieu du quartier Esplanade, notre bureau est \u00e0 5mn \u00e0 pied du Palais de Justice et des mythiques Ar\u00e8nes de N\u00eemes.<br>C\u2019est <a href=\"https:\/\/www.linkedin.com\/in\/ACoAAC-2o8cBkKu2tQkP95zngq3uOoEaEA0SAbs\"><\/a><a href=\"https:\/\/www.linkedin.com\/in\/elodie-rigaud-6331031a4\/\">Elodie Rigaud<\/a>, responsable des bureaux de N\u00eemes et Montpellier qui repr\u00e9sente <a href=\"https:\/\/www.linkedin.com\/company\/abeille-avocats\/\">Abeille Avocats<\/a> au c\u0153ur de la \u00ab\u00a0Rome Fran\u00e7aise\u00a0\u00bb depuis 2015.<br><br>Elle exerce au quotidien en droit de la sant\u00e9, de la construction et des assurances, plus particuli\u00e8rement en traitant des dossiers de dommage corporel et de protection juridique.<br><br><a href=\"https:\/\/www.linkedin.com\/in\/ACoAAC-2o8cBkKu2tQkP95zngq3uOoEaEA0SAbs\"><\/a><a href=\"https:\/\/www.linkedin.com\/in\/elodie-rigaud-6331031a4\/\">Elodie Rigaud<\/a> aux c\u00f4t\u00e9s d\u2019<a href=\"https:\/\/www.linkedin.com\/in\/ACoAAAl9lqkBDq_xIdO9sytPJgVgw7w0_owPfHM\"><\/a><a href=\"https:\/\/www.linkedin.com\/in\/aziza-abou-el-haja-4893a845\/\">Aziza Abou El Haja<\/a> (\u00e0 Nice) repr\u00e9sente \u00e9galement notre cabinet au sein du r\u00e9seau Elle\u2019s Angel de <a href=\"https:\/\/www.linkedin.com\/company\/juridica\/\">Juridica<\/a>. Ce programme accompagne les femmes victimes de violences et leurs enfants et nous sommes fiers de pouvoir mettre nos comp\u00e9tences juridiques au profit de cette cause qui m\u00e9rite plus que jamais d\u2019\u00eatre d\u00e9fendue\u00a0!<\/p>\n","protected":false},"excerpt":{"rendered":"<p>Apr\u00e8s vous avoir pr\u00e9sent\u00e9 nos bureaux de Paris et Lyon, nous vous faisons d\u00e9couvrir aujourd\u2019hui notre rayonnante antenne de N\u00eemes qui a d\u00e9j\u00e0 14 ans. Situ\u00e9 au beau milieu du quartier Esplanade, notre bureau est \u00e0 5mn \u00e0 pied du Palais de Justice et des mythiques Ar\u00e8nes de N\u00eemes.C\u2019est Elodie Rigaud, responsable des bureaux de [&hellip;]<\/p>\n","protected":false},"author":7,"featured_media":0,"comment_status":"open","ping_status":"open","sticky":false,"template":"","format":"standard","meta":{"_acf_changed":false,"footnotes":""},"categories":[189],"tags":[],"class_list":["post-12416","post","type-post","status-publish","format-standard","hentry","category-cabinet"],"acf":[],"yoast_head":"<!-- This site is optimized with the Yoast SEO plugin v27.1.1 - https:\/\/yoast.com\/product\/yoast-seo-wordpress\/ -->\n<title>Abeille Avocats pr\u00e9sent \u00e0 N\u00eemes depuis 14 ans ! | Abeille Avocats<\/title>\n<meta name=\"robots\" content=\"index, follow, max-snippet:-1, max-image-preview:large, max-video-preview:-1\" \/>\n<link rel=\"canonical\" href=\"https:\/\/abeille.law\/abeille-avocats-present-a-nimes-depuis-14-ans\/\" \/>\n<meta property=\"og:locale\" content=\"en_US\" \/>\n<meta property=\"og:type\" content=\"article\" \/>\n<meta property=\"og:title\" content=\"Abeille Avocats pr\u00e9sent \u00e0 N\u00eemes depuis 14 ans ! | Abeille Avocats\" \/>\n<meta property=\"og:description\" content=\"Apr\u00e8s vous avoir pr\u00e9sent\u00e9 nos bureaux de Paris et Lyon, nous vous faisons d\u00e9couvrir aujourd\u2019hui notre rayonnante antenne de N\u00eemes qui a d\u00e9j\u00e0 14 ans. Situ\u00e9 au beau milieu du quartier Esplanade, notre bureau est \u00e0 5mn \u00e0 pied du Palais de Justice et des mythiques Ar\u00e8nes de N\u00eemes.C\u2019est Elodie Rigaud, responsable des bureaux de [&hellip;]\" \/>\n<meta property=\"og:url\" content=\"https:\/\/abeille.law\/abeille-avocats-present-a-nimes-depuis-14-ans\/\" \/>\n<meta property=\"og:site_name\" content=\"Abeille Avocats\" \/>\n<meta property=\"article:published_time\" content=\"2024-03-28T11:35:00+00:00\" \/>\n<meta property=\"article:modified_time\" content=\"2024-04-17T11:39:41+00:00\" \/>\n<meta property=\"og:image\" content=\"https:\/\/abeille.law\/wp-content\/uploads\/2024\/04\/Visuel-Nimes-copie-1024x652.jpg\" \/>\n<meta name=\"author\" content=\"Lucile\" \/>\n<meta name=\"twitter:card\" content=\"summary_large_image\" \/>\n<meta name=\"twitter:label1\" content=\"Written by\" \/>\n\t<meta name=\"twitter:data1\" content=\"Lucile\" \/>\n\t<meta name=\"twitter:label2\" content=\"Est. reading time\" \/>\n\t<meta name=\"twitter:data2\" content=\"1 minute\" \/>\n<script type=\"application\/ld+json\" class=\"yoast-schema-graph\">{\"@context\":\"https:\/\/schema.org\",\"@graph\":[{\"@type\":\"Article\",\"@id\":\"https:\/\/abeille.law\/abeille-avocats-present-a-nimes-depuis-14-ans\/#article\",\"isPartOf\":{\"@id\":\"https:\/\/abeille.law\/abeille-avocats-present-a-nimes-depuis-14-ans\/\"},\"author\":{\"name\":\"Lucile\",\"@id\":\"https:\/\/abeille.law\/#\/schema\/person\/4103055647ee877351aacd5bd7a7be49\"},\"headline\":\"Abeille Avocats pr\u00e9sent \u00e0 N\u00eemes depuis 14 ans !\",\"datePublished\":\"2024-03-28T11:35:00+00:00\",\"dateModified\":\"2024-04-17T11:39:41+00:00\",\"mainEntityOfPage\":{\"@id\":\"https:\/\/abeille.law\/abeille-avocats-present-a-nimes-depuis-14-ans\/\"},\"wordCount\":181,\"commentCount\":0,\"image\":{\"@id\":\"https:\/\/abeille.law\/abeille-avocats-present-a-nimes-depuis-14-ans\/#primaryimage\"},\"thumbnailUrl\":\"https:\/\/abeille.law\/wp-content\/uploads\/2024\/04\/Visuel-Nimes-copie-1024x652.jpg\",\"articleSection\":[\"Cabinet\"],\"inLanguage\":\"en-US\",\"potentialAction\":[{\"@type\":\"CommentAction\",\"name\":\"Comment\",\"target\":[\"https:\/\/abeille.law\/abeille-avocats-present-a-nimes-depuis-14-ans\/#respond\"]}]},{\"@type\":\"WebPage\",\"@id\":\"https:\/\/abeille.law\/abeille-avocats-present-a-nimes-depuis-14-ans\/\",\"url\":\"https:\/\/abeille.law\/abeille-avocats-present-a-nimes-depuis-14-ans\/\",\"name\":\"Abeille Avocats pr\u00e9sent \u00e0 N\u00eemes depuis 14 ans ! | Abeille Avocats\",\"isPartOf\":{\"@id\":\"https:\/\/abeille.law\/#website\"},\"primaryImageOfPage\":{\"@id\":\"https:\/\/abeille.law\/abeille-avocats-present-a-nimes-depuis-14-ans\/#primaryimage\"},\"image\":{\"@id\":\"https:\/\/abeille.law\/abeille-avocats-present-a-nimes-depuis-14-ans\/#primaryimage\"},\"thumbnailUrl\":\"https:\/\/abeille.law\/wp-content\/uploads\/2024\/04\/Visuel-Nimes-copie-1024x652.jpg\",\"datePublished\":\"2024-03-28T11:35:00+00:00\",\"dateModified\":\"2024-04-17T11:39:41+00:00\",\"author\":{\"@id\":\"https:\/\/abeille.law\/#\/schema\/person\/4103055647ee877351aacd5bd7a7be49\"},\"breadcrumb\":{\"@id\":\"https:\/\/abeille.law\/abeille-avocats-present-a-nimes-depuis-14-ans\/#breadcrumb\"},\"inLanguage\":\"en-US\",\"potentialAction\":[{\"@type\":\"ReadAction\",\"target\":[\"https:\/\/abeille.law\/abeille-avocats-present-a-nimes-depuis-14-ans\/\"]}]},{\"@type\":\"ImageObject\",\"inLanguage\":\"en-US\",\"@id\":\"https:\/\/abeille.law\/abeille-avocats-present-a-nimes-depuis-14-ans\/#primaryimage\",\"url\":\"https:\/\/abeille.law\/wp-content\/uploads\/2024\/04\/Visuel-Nimes-copie-1024x652.jpg\",\"contentUrl\":\"https:\/\/abeille.law\/wp-content\/uploads\/2024\/04\/Visuel-Nimes-copie-1024x652.jpg\"},{\"@type\":\"BreadcrumbList\",\"@id\":\"https:\/\/abeille.law\/abeille-avocats-present-a-nimes-depuis-14-ans\/#breadcrumb\",\"itemListElement\":[{\"@type\":\"ListItem\",\"position\":1,\"name\":\"Accueil\",\"item\":\"https:\/\/abeille.law\/en\/\"},{\"@type\":\"ListItem\",\"position\":2,\"name\":\"Abeille Avocats pr\u00e9sent \u00e0 N\u00eemes depuis 14 ans !\"}]},{\"@type\":\"WebSite\",\"@id\":\"https:\/\/abeille.law\/#website\",\"url\":\"https:\/\/abeille.law\/\",\"name\":\"Abeille Avocats\",\"description\":\"\",\"alternateName\":\"Abeille Avocats\",\"potentialAction\":[{\"@type\":\"SearchAction\",\"target\":{\"@type\":\"EntryPoint\",\"urlTemplate\":\"https:\/\/abeille.law\/?s={search_term_string}\"},\"query-input\":{\"@type\":\"PropertyValueSpecification\",\"valueRequired\":true,\"valueName\":\"search_term_string\"}}],\"inLanguage\":\"en-US\"},{\"@type\":\"Person\",\"@id\":\"https:\/\/abeille.law\/#\/schema\/person\/4103055647ee877351aacd5bd7a7be49\",\"name\":\"Lucile\",\"image\":{\"@type\":\"ImageObject\",\"inLanguage\":\"en-US\",\"@id\":\"https:\/\/abeille.law\/#\/schema\/person\/image\/\",\"url\":\"https:\/\/abeille.law\/wp-content\/litespeed\/avatar\/95d953d5544b5efa36efad57db70c259.jpg?ver=1777550419\",\"contentUrl\":\"https:\/\/abeille.law\/wp-content\/litespeed\/avatar\/95d953d5544b5efa36efad57db70c259.jpg?ver=1777550419\",\"caption\":\"Lucile\"}}]}<\/script>\n<!-- \/ Yoast SEO plugin. -->","yoast_head_json":{"title":"Abeille Avocats pr\u00e9sent \u00e0 N\u00eemes depuis 14 ans ! | Abeille Avocats","robots":{"index":"index","follow":"follow","max-snippet":"max-snippet:-1","max-image-preview":"max-image-preview:large","max-video-preview":"max-video-preview:-1"},"canonical":"https:\/\/abeille.law\/abeille-avocats-present-a-nimes-depuis-14-ans\/","og_locale":"en_US","og_type":"article","og_title":"Abeille Avocats pr\u00e9sent \u00e0 N\u00eemes depuis 14 ans ! | Abeille Avocats","og_description":"Apr\u00e8s vous avoir pr\u00e9sent\u00e9 nos bureaux de Paris et Lyon, nous vous faisons d\u00e9couvrir aujourd\u2019hui notre rayonnante antenne de N\u00eemes qui a d\u00e9j\u00e0 14 ans. Situ\u00e9 au beau milieu du quartier Esplanade, notre bureau est \u00e0 5mn \u00e0 pied du Palais de Justice et des mythiques Ar\u00e8nes de N\u00eemes.C\u2019est Elodie Rigaud, responsable des bureaux de [&hellip;]","og_url":"https:\/\/abeille.law\/abeille-avocats-present-a-nimes-depuis-14-ans\/","og_site_name":"Abeille Avocats","article_published_time":"2024-03-28T11:35:00+00:00","article_modified_time":"2024-04-17T11:39:41+00:00","og_image":[{"url":"https:\/\/abeille.law\/wp-content\/uploads\/2024\/04\/Visuel-Nimes-copie-1024x652.jpg","type":"","width":"","height":""}],"author":"Lucile","twitter_card":"summary_large_image","twitter_misc":{"Written by":"Lucile","Est. reading time":"1 minute"},"schema":{"@context":"https:\/\/schema.org","@graph":[{"@type":"Article","@id":"https:\/\/abeille.law\/abeille-avocats-present-a-nimes-depuis-14-ans\/#article","isPartOf":{"@id":"https:\/\/abeille.law\/abeille-avocats-present-a-nimes-depuis-14-ans\/"},"author":{"name":"Lucile","@id":"https:\/\/abeille.law\/#\/schema\/person\/4103055647ee877351aacd5bd7a7be49"},"headline":"Abeille Avocats pr\u00e9sent \u00e0 N\u00eemes depuis 14 ans !","datePublished":"2024-03-28T11:35:00+00:00","dateModified":"2024-04-17T11:39:41+00:00","mainEntityOfPage":{"@id":"https:\/\/abeille.law\/abeille-avocats-present-a-nimes-depuis-14-ans\/"},"wordCount":181,"commentCount":0,"image":{"@id":"https:\/\/abeille.law\/abeille-avocats-present-a-nimes-depuis-14-ans\/#primaryimage"},"thumbnailUrl":"https:\/\/abeille.law\/wp-content\/uploads\/2024\/04\/Visuel-Nimes-copie-1024x652.jpg","articleSection":["Cabinet"],"inLanguage":"en-US","potentialAction":[{"@type":"CommentAction","name":"Comment","target":["https:\/\/abeille.law\/abeille-avocats-present-a-nimes-depuis-14-ans\/#respond"]}]},{"@type":"WebPage","@id":"https:\/\/abeille.law\/abeille-avocats-present-a-nimes-depuis-14-ans\/","url":"https:\/\/abeille.law\/abeille-avocats-present-a-nimes-depuis-14-ans\/","name":"Abeille Avocats pr\u00e9sent \u00e0 N\u00eemes depuis 14 ans ! | Abeille Avocats","isPartOf":{"@id":"https:\/\/abeille.law\/#website"},"primaryImageOfPage":{"@id":"https:\/\/abeille.law\/abeille-avocats-present-a-nimes-depuis-14-ans\/#primaryimage"},"image":{"@id":"https:\/\/abeille.law\/abeille-avocats-present-a-nimes-depuis-14-ans\/#primaryimage"},"thumbnailUrl":"https:\/\/abeille.law\/wp-content\/uploads\/2024\/04\/Visuel-Nimes-copie-1024x652.jpg","datePublished":"2024-03-28T11:35:00+00:00","dateModified":"2024-04-17T11:39:41+00:00","author":{"@id":"https:\/\/abeille.law\/#\/schema\/person\/4103055647ee877351aacd5bd7a7be49"},"breadcrumb":{"@id":"https:\/\/abeille.law\/abeille-avocats-present-a-nimes-depuis-14-ans\/#breadcrumb"},"inLanguage":"en-US","potentialAction":[{"@type":"ReadAction","target":["https:\/\/abeille.law\/abeille-avocats-present-a-nimes-depuis-14-ans\/"]}]},{"@type":"ImageObject","inLanguage":"en-US","@id":"https:\/\/abeille.law\/abeille-avocats-present-a-nimes-depuis-14-ans\/#primaryimage","url":"https:\/\/abeille.law\/wp-content\/uploads\/2024\/04\/Visuel-Nimes-copie-1024x652.jpg","contentUrl":"https:\/\/abeille.law\/wp-content\/uploads\/2024\/04\/Visuel-Nimes-copie-1024x652.jpg"},{"@type":"BreadcrumbList","@id":"https:\/\/abeille.law\/abeille-avocats-present-a-nimes-depuis-14-ans\/#breadcrumb","itemListElement":[{"@type":"ListItem","position":1,"name":"Accueil","item":"https:\/\/abeille.law\/en\/"},{"@type":"ListItem","position":2,"name":"Abeille Avocats pr\u00e9sent \u00e0 N\u00eemes depuis 14 ans !"}]},{"@type":"WebSite","@id":"https:\/\/abeille.law\/#website","url":"https:\/\/abeille.law\/","name":"Abeille Avocats","description":"","alternateName":"Abeille Avocats","potentialAction":[{"@type":"SearchAction","target":{"@type":"EntryPoint","urlTemplate":"https:\/\/abeille.law\/?s={search_term_string}"},"query-input":{"@type":"PropertyValueSpecification","valueRequired":true,"valueName":"search_term_string"}}],"inLanguage":"en-US"},{"@type":"Person","@id":"https:\/\/abeille.law\/#\/schema\/person\/4103055647ee877351aacd5bd7a7be49","name":"Lucile","image":{"@type":"ImageObject","inLanguage":"en-US","@id":"https:\/\/abeille.law\/#\/schema\/person\/image\/","url":"https:\/\/abeille.law\/wp-content\/litespeed\/avatar\/95d953d5544b5efa36efad57db70c259.jpg?ver=1777550419","contentUrl":"https:\/\/abeille.law\/wp-content\/litespeed\/avatar\/95d953d5544b5efa36efad57db70c259.jpg?ver=1777550419","caption":"Lucile"}}]}},"_links":{"self":[{"href":"https:\/\/abeille.law\/en\/wp-json\/wp\/v2\/posts\/12416","targetHints":{"allow":["GET"]}}],"collection":[{"href":"https:\/\/abeille.law\/en\/wp-json\/wp\/v2\/posts"}],"about":[{"href":"https:\/\/abeille.law\/en\/wp-json\/wp\/v2\/types\/post"}],"author":[{"embeddable":true,"href":"https:\/\/abeille.law\/en\/wp-json\/wp\/v2\/users\/7"}],"replies":[{"embeddable":true,"href":"https:\/\/abeille.law\/en\/wp-json\/wp\/v2\/comments?post=12416"}],"version-history":[{"count":2,"href":"https:\/\/abeille.law\/en\/wp-json\/wp\/v2\/posts\/12416\/revisions"}],"predecessor-version":[{"id":12420,"href":"https:\/\/abeille.law\/en\/wp-json\/wp\/v2\/posts\/12416\/revisions\/12420"}],"wp:attachment":[{"href":"https:\/\/abeille.law\/en\/wp-json\/wp\/v2\/media?parent=12416"}],"wp:term":[{"taxonomy":"category","embeddable":true,"href":"https:\/\/abeille.law\/en\/wp-json\/wp\/v2\/categories?post=12416"},{"taxonomy":"post_tag","embeddable":true,"href":"https:\/\/abeille.law\/en\/wp-json\/wp\/v2\/tags?post=12416"}],"curies":[{"name":"wp","href":"https:\/\/api.w.org\/{rel}","templated":true}]}}