{"id":10506,"date":"2023-07-05T12:40:28","date_gmt":"2023-07-05T12:40:28","guid":{"rendered":"https:\/\/abeille-preprod.eliott-markus.cloud\/?p=10506"},"modified":"2025-08-11T10:31:15","modified_gmt":"2025-08-11T10:31:15","slug":"palmares-du-droit-2023-%f0%9f%8f%86","status":"publish","type":"post","link":"https:\/\/abeille.law\/en\/palmares-du-droit-2023-%f0%9f%8f%86\/","title":{"rendered":"Palmar\u00e8s du Droit 2023 \ud83c\udfc6"},"content":{"rendered":"\n<p>Nous sommes fiers de vous partager les r\u00e9sultats du Palmar\u00e8s du droit 2023 car cette ann\u00e9e Abeille Avocats remporte pas moins de 8 troph\u00e9es&nbsp;!<\/p>\n\n\n\n<p>Un grand merci \u00e0 nos clients qui nous font confiance pour d\u00e9fendre leurs int\u00e9r\u00eats et \u00e0 nos partenaires qui nous accompagnent dans ces d\u00e9fis juridiques au quotidien.<\/p>\n\n\n<div class=\"wp-block-image\">\n<figure class=\"aligncenter size-full is-resized\"><img loading=\"lazy\" decoding=\"async\" src=\"https:\/\/abeille.law\/wp-content\/uploads\/2023\/07\/Palmares-droit-Abeille-1-1024x768-1.jpg\" alt=\"\" class=\"wp-image-10656\" width=\"335\" height=\"251\" srcset=\"https:\/\/abeille.law\/wp-content\/uploads\/2023\/07\/Palmares-droit-Abeille-1-1024x768-1.jpg 1024w, https:\/\/abeille.law\/wp-content\/uploads\/2023\/07\/Palmares-droit-Abeille-1-1024x768-1-300x225.jpg 300w, https:\/\/abeille.law\/wp-content\/uploads\/2023\/07\/Palmares-droit-Abeille-1-1024x768-1-768x576.jpg 768w\" sizes=\"auto, (max-width: 335px) 100vw, 335px\" \/><\/figure>\n<\/div>\n\n<div class=\"wp-block-image\">\n<figure class=\"aligncenter size-large is-resized\"><img loading=\"lazy\" decoding=\"async\" src=\"https:\/\/abeille.law\/wp-content\/uploads\/2023\/07\/Palmares-du-droit-097-light-1-1024x682.jpg\" alt=\"\" class=\"wp-image-10689\" width=\"512\" height=\"341\" srcset=\"https:\/\/abeille.law\/wp-content\/uploads\/2023\/07\/Palmares-du-droit-097-light-1-1024x682.jpg 1024w, https:\/\/abeille.law\/wp-content\/uploads\/2023\/07\/Palmares-du-droit-097-light-1-300x200.jpg 300w, https:\/\/abeille.law\/wp-content\/uploads\/2023\/07\/Palmares-du-droit-097-light-1-768x512.jpg 768w, https:\/\/abeille.law\/wp-content\/uploads\/2023\/07\/Palmares-du-droit-097-light-1-1536x1024.jpg 1536w, https:\/\/abeille.law\/wp-content\/uploads\/2023\/07\/Palmares-du-droit-097-light-1.jpg 2000w\" sizes=\"auto, (max-width: 512px) 100vw, 512px\" \/><\/figure>\n<\/div>\n\n\n<p>Pour cette 3<sup>\u00e8me<\/sup> \u00e9dition et suite \u00e0 l\u2019enqu\u00eate r\u00e9alis\u00e9e par Le Monde du Droit aupr\u00e8s de plusieurs milliers de clients (juristes d&#8217;entreprise, DRH, DG, DAF&#8230;), nous avons \u00e9t\u00e9 distingu\u00e9s meilleur cabinet d\u2019avocats de Marseille en Droit de la Sant\u00e9, <a href=\"http:\/\/abeille.law\/team\/bruno-zandotti-avocat\/\" target=\"_blank\" rel=\"noreferrer noopener\">Bruno Zandotti<\/a>, et Droit Public <a href=\"http:\/\/abeille.law\/team\/sylvain-pontier-avocat\/\" target=\"_blank\" rel=\"noreferrer noopener\">Sylvain Pontier<\/a>.<\/p>\n\n\n\n<p>Nous avons \u00e9galement remport\u00e9 le troph\u00e9e d\u2019argent en Droit du Patrimoine, Droit de l\u2019immobilier et de la Construction <a href=\"http:\/\/abeille.law\/team\/stephane-gallo-avocat\/\" target=\"_blank\" rel=\"noreferrer noopener\">St\u00e9phane Gallo<\/a> et Risques industriels et Assurances <a href=\"http:\/\/abeille.law\/team\/etienne-abeille-avocat\/\" target=\"_blank\" rel=\"noreferrer noopener\">Etienne Abeille<\/a>.<\/p>\n\n\n\n<p>Enfin, c\u2019est le bronze qui nous a \u00e9t\u00e9 remis dans les cat\u00e9gories, Droit P\u00e9nal, M\u00e9c\u00e9nat et Urbanisme, <a href=\"https:\/\/abeille.law\/team\/sylvain-pontier-avocat\/\" target=\"_blank\" rel=\"noreferrer noopener\">Sylvain Pontier<\/a> lors de la c\u00e9r\u00e9monie de remise des prix qui se d\u00e9roulait jeudi 22 juin \u00e0 l\u2019intercontinental Marseille \u2013 H\u00f4tel Dieu.<\/p>\n","protected":false},"excerpt":{"rendered":"<p>Nous sommes fiers de vous partager les r\u00e9sultats du Palmar\u00e8s du droit 2023 car cette ann\u00e9e Abeille Avocats remporte pas moins de 8 troph\u00e9es&nbsp;! Un grand merci \u00e0 nos clients qui nous font confiance pour d\u00e9fendre leurs int\u00e9r\u00eats et \u00e0 nos partenaires qui nous accompagnent dans ces d\u00e9fis juridiques au quotidien. Pour cette 3\u00e8me \u00e9dition [&hellip;]<\/p>\n","protected":false},"author":10,"featured_media":0,"comment_status":"open","ping_status":"open","sticky":false,"template":"","format":"standard","meta":{"_acf_changed":false,"footnotes":""},"categories":[189,288],"tags":[],"class_list":["post-10506","post","type-post","status-publish","format-standard","hentry","category-cabinet","category-distinctions"],"acf":[],"yoast_head":"<!-- This site is optimized with the Yoast SEO plugin v27.1.1 - https:\/\/yoast.com\/product\/yoast-seo-wordpress\/ -->\n<title>Palmar\u00e8s du Droit 2023 \ud83c\udfc6 | Abeille Avocats<\/title>\n<meta name=\"robots\" content=\"index, follow, max-snippet:-1, max-image-preview:large, max-video-preview:-1\" \/>\n<link rel=\"canonical\" href=\"https:\/\/abeille.law\/palmares-du-droit-2023-\ud83c\udfc6\/\" \/>\n<meta property=\"og:locale\" content=\"en_US\" \/>\n<meta property=\"og:type\" content=\"article\" \/>\n<meta property=\"og:title\" content=\"Palmar\u00e8s du Droit 2023 \ud83c\udfc6 | Abeille Avocats\" \/>\n<meta property=\"og:description\" content=\"Nous sommes fiers de vous partager les r\u00e9sultats du Palmar\u00e8s du droit 2023 car cette ann\u00e9e Abeille Avocats remporte pas moins de 8 troph\u00e9es&nbsp;! Un grand merci \u00e0 nos clients qui nous font confiance pour d\u00e9fendre leurs int\u00e9r\u00eats et \u00e0 nos partenaires qui nous accompagnent dans ces d\u00e9fis juridiques au quotidien. Pour cette 3\u00e8me \u00e9dition [&hellip;]\" \/>\n<meta property=\"og:url\" content=\"https:\/\/abeille.law\/palmares-du-droit-2023-\ud83c\udfc6\/\" \/>\n<meta property=\"og:site_name\" content=\"Abeille Avocats\" \/>\n<meta property=\"article:published_time\" content=\"2023-07-05T12:40:28+00:00\" \/>\n<meta property=\"article:modified_time\" content=\"2025-08-11T10:31:15+00:00\" \/>\n<meta property=\"og:image\" content=\"https:\/\/abeille.law\/wp-content\/uploads\/2023\/07\/Palmares-droit-Abeille-1-1024x768-1.jpg\" \/>\n\t<meta property=\"og:image:width\" content=\"1024\" \/>\n\t<meta property=\"og:image:height\" content=\"768\" \/>\n\t<meta property=\"og:image:type\" content=\"image\/jpeg\" \/>\n<meta name=\"author\" content=\"boqrchi\" \/>\n<meta name=\"twitter:card\" content=\"summary_large_image\" \/>\n<meta name=\"twitter:label1\" content=\"Written by\" \/>\n\t<meta name=\"twitter:data1\" content=\"boqrchi\" \/>\n\t<meta name=\"twitter:label2\" content=\"Est. reading time\" \/>\n\t<meta name=\"twitter:data2\" content=\"2 minutes\" \/>\n<script type=\"application\/ld+json\" class=\"yoast-schema-graph\">{\"@context\":\"https:\/\/schema.org\",\"@graph\":[{\"@type\":\"Article\",\"@id\":\"https:\/\/abeille.law\/palmares-du-droit-2023-%f0%9f%8f%86\/#article\",\"isPartOf\":{\"@id\":\"https:\/\/abeille.law\/palmares-du-droit-2023-%f0%9f%8f%86\/\"},\"author\":{\"name\":\"boqrchi\",\"@id\":\"https:\/\/abeille.law\/#\/schema\/person\/843903483ea086194b76fa816dafc6c7\"},\"headline\":\"Palmar\u00e8s du Droit 2023 \ud83c\udfc6\",\"datePublished\":\"2023-07-05T12:40:28+00:00\",\"dateModified\":\"2025-08-11T10:31:15+00:00\",\"mainEntityOfPage\":{\"@id\":\"https:\/\/abeille.law\/palmares-du-droit-2023-%f0%9f%8f%86\/\"},\"wordCount\":190,\"commentCount\":0,\"image\":{\"@id\":\"https:\/\/abeille.law\/palmares-du-droit-2023-%f0%9f%8f%86\/#primaryimage\"},\"thumbnailUrl\":\"https:\/\/abeille.law\/wp-content\/uploads\/2023\/07\/Palmares-droit-Abeille-1-1024x768-1.jpg\",\"articleSection\":[\"Cabinet\",\"Distinctions\"],\"inLanguage\":\"en-US\",\"potentialAction\":[{\"@type\":\"CommentAction\",\"name\":\"Comment\",\"target\":[\"https:\/\/abeille.law\/palmares-du-droit-2023-%f0%9f%8f%86\/#respond\"]}]},{\"@type\":\"WebPage\",\"@id\":\"https:\/\/abeille.law\/palmares-du-droit-2023-%f0%9f%8f%86\/\",\"url\":\"https:\/\/abeille.law\/palmares-du-droit-2023-%f0%9f%8f%86\/\",\"name\":\"Palmar\u00e8s du Droit 2023 \ud83c\udfc6 | Abeille Avocats\",\"isPartOf\":{\"@id\":\"https:\/\/abeille.law\/#website\"},\"primaryImageOfPage\":{\"@id\":\"https:\/\/abeille.law\/palmares-du-droit-2023-%f0%9f%8f%86\/#primaryimage\"},\"image\":{\"@id\":\"https:\/\/abeille.law\/palmares-du-droit-2023-%f0%9f%8f%86\/#primaryimage\"},\"thumbnailUrl\":\"https:\/\/abeille.law\/wp-content\/uploads\/2023\/07\/Palmares-droit-Abeille-1-1024x768-1.jpg\",\"datePublished\":\"2023-07-05T12:40:28+00:00\",\"dateModified\":\"2025-08-11T10:31:15+00:00\",\"author\":{\"@id\":\"https:\/\/abeille.law\/#\/schema\/person\/843903483ea086194b76fa816dafc6c7\"},\"breadcrumb\":{\"@id\":\"https:\/\/abeille.law\/palmares-du-droit-2023-%f0%9f%8f%86\/#breadcrumb\"},\"inLanguage\":\"en-US\",\"potentialAction\":[{\"@type\":\"ReadAction\",\"target\":[\"https:\/\/abeille.law\/palmares-du-droit-2023-%f0%9f%8f%86\/\"]}]},{\"@type\":\"ImageObject\",\"inLanguage\":\"en-US\",\"@id\":\"https:\/\/abeille.law\/palmares-du-droit-2023-%f0%9f%8f%86\/#primaryimage\",\"url\":\"https:\/\/abeille.law\/wp-content\/uploads\/2023\/07\/Palmares-droit-Abeille-1-1024x768-1.jpg\",\"contentUrl\":\"https:\/\/abeille.law\/wp-content\/uploads\/2023\/07\/Palmares-droit-Abeille-1-1024x768-1.jpg\"},{\"@type\":\"BreadcrumbList\",\"@id\":\"https:\/\/abeille.law\/palmares-du-droit-2023-%f0%9f%8f%86\/#breadcrumb\",\"itemListElement\":[{\"@type\":\"ListItem\",\"position\":1,\"name\":\"Accueil\",\"item\":\"https:\/\/abeille.law\/en\/\"},{\"@type\":\"ListItem\",\"position\":2,\"name\":\"Palmar\u00e8s du Droit 2023 \ud83c\udfc6\"}]},{\"@type\":\"WebSite\",\"@id\":\"https:\/\/abeille.law\/#website\",\"url\":\"https:\/\/abeille.law\/\",\"name\":\"Abeille Avocats\",\"description\":\"\",\"alternateName\":\"Abeille Avocats\",\"potentialAction\":[{\"@type\":\"SearchAction\",\"target\":{\"@type\":\"EntryPoint\",\"urlTemplate\":\"https:\/\/abeille.law\/?s={search_term_string}\"},\"query-input\":{\"@type\":\"PropertyValueSpecification\",\"valueRequired\":true,\"valueName\":\"search_term_string\"}}],\"inLanguage\":\"en-US\"},{\"@type\":\"Person\",\"@id\":\"https:\/\/abeille.law\/#\/schema\/person\/843903483ea086194b76fa816dafc6c7\",\"name\":\"boqrchi\",\"image\":{\"@type\":\"ImageObject\",\"inLanguage\":\"en-US\",\"@id\":\"https:\/\/abeille.law\/#\/schema\/person\/image\/\",\"url\":\"https:\/\/abeille.law\/wp-content\/litespeed\/avatar\/ad241171b52f45b0bfb3042f6a0a3294.jpg?ver=1777567414\",\"contentUrl\":\"https:\/\/abeille.law\/wp-content\/litespeed\/avatar\/ad241171b52f45b0bfb3042f6a0a3294.jpg?ver=1777567414\",\"caption\":\"boqrchi\"}}]}<\/script>\n<!-- \/ Yoast SEO plugin. -->","yoast_head_json":{"title":"Palmar\u00e8s du Droit 2023 \ud83c\udfc6 | Abeille Avocats","robots":{"index":"index","follow":"follow","max-snippet":"max-snippet:-1","max-image-preview":"max-image-preview:large","max-video-preview":"max-video-preview:-1"},"canonical":"https:\/\/abeille.law\/palmares-du-droit-2023-\ud83c\udfc6\/","og_locale":"en_US","og_type":"article","og_title":"Palmar\u00e8s du Droit 2023 \ud83c\udfc6 | Abeille Avocats","og_description":"Nous sommes fiers de vous partager les r\u00e9sultats du Palmar\u00e8s du droit 2023 car cette ann\u00e9e Abeille Avocats remporte pas moins de 8 troph\u00e9es&nbsp;! Un grand merci \u00e0 nos clients qui nous font confiance pour d\u00e9fendre leurs int\u00e9r\u00eats et \u00e0 nos partenaires qui nous accompagnent dans ces d\u00e9fis juridiques au quotidien. Pour cette 3\u00e8me \u00e9dition [&hellip;]","og_url":"https:\/\/abeille.law\/palmares-du-droit-2023-\ud83c\udfc6\/","og_site_name":"Abeille Avocats","article_published_time":"2023-07-05T12:40:28+00:00","article_modified_time":"2025-08-11T10:31:15+00:00","og_image":[{"width":1024,"height":768,"url":"https:\/\/abeille.law\/wp-content\/uploads\/2023\/07\/Palmares-droit-Abeille-1-1024x768-1.jpg","type":"image\/jpeg"}],"author":"boqrchi","twitter_card":"summary_large_image","twitter_misc":{"Written by":"boqrchi","Est. reading time":"2 minutes"},"schema":{"@context":"https:\/\/schema.org","@graph":[{"@type":"Article","@id":"https:\/\/abeille.law\/palmares-du-droit-2023-%f0%9f%8f%86\/#article","isPartOf":{"@id":"https:\/\/abeille.law\/palmares-du-droit-2023-%f0%9f%8f%86\/"},"author":{"name":"boqrchi","@id":"https:\/\/abeille.law\/#\/schema\/person\/843903483ea086194b76fa816dafc6c7"},"headline":"Palmar\u00e8s du Droit 2023 \ud83c\udfc6","datePublished":"2023-07-05T12:40:28+00:00","dateModified":"2025-08-11T10:31:15+00:00","mainEntityOfPage":{"@id":"https:\/\/abeille.law\/palmares-du-droit-2023-%f0%9f%8f%86\/"},"wordCount":190,"commentCount":0,"image":{"@id":"https:\/\/abeille.law\/palmares-du-droit-2023-%f0%9f%8f%86\/#primaryimage"},"thumbnailUrl":"https:\/\/abeille.law\/wp-content\/uploads\/2023\/07\/Palmares-droit-Abeille-1-1024x768-1.jpg","articleSection":["Cabinet","Distinctions"],"inLanguage":"en-US","potentialAction":[{"@type":"CommentAction","name":"Comment","target":["https:\/\/abeille.law\/palmares-du-droit-2023-%f0%9f%8f%86\/#respond"]}]},{"@type":"WebPage","@id":"https:\/\/abeille.law\/palmares-du-droit-2023-%f0%9f%8f%86\/","url":"https:\/\/abeille.law\/palmares-du-droit-2023-%f0%9f%8f%86\/","name":"Palmar\u00e8s du Droit 2023 \ud83c\udfc6 | Abeille Avocats","isPartOf":{"@id":"https:\/\/abeille.law\/#website"},"primaryImageOfPage":{"@id":"https:\/\/abeille.law\/palmares-du-droit-2023-%f0%9f%8f%86\/#primaryimage"},"image":{"@id":"https:\/\/abeille.law\/palmares-du-droit-2023-%f0%9f%8f%86\/#primaryimage"},"thumbnailUrl":"https:\/\/abeille.law\/wp-content\/uploads\/2023\/07\/Palmares-droit-Abeille-1-1024x768-1.jpg","datePublished":"2023-07-05T12:40:28+00:00","dateModified":"2025-08-11T10:31:15+00:00","author":{"@id":"https:\/\/abeille.law\/#\/schema\/person\/843903483ea086194b76fa816dafc6c7"},"breadcrumb":{"@id":"https:\/\/abeille.law\/palmares-du-droit-2023-%f0%9f%8f%86\/#breadcrumb"},"inLanguage":"en-US","potentialAction":[{"@type":"ReadAction","target":["https:\/\/abeille.law\/palmares-du-droit-2023-%f0%9f%8f%86\/"]}]},{"@type":"ImageObject","inLanguage":"en-US","@id":"https:\/\/abeille.law\/palmares-du-droit-2023-%f0%9f%8f%86\/#primaryimage","url":"https:\/\/abeille.law\/wp-content\/uploads\/2023\/07\/Palmares-droit-Abeille-1-1024x768-1.jpg","contentUrl":"https:\/\/abeille.law\/wp-content\/uploads\/2023\/07\/Palmares-droit-Abeille-1-1024x768-1.jpg"},{"@type":"BreadcrumbList","@id":"https:\/\/abeille.law\/palmares-du-droit-2023-%f0%9f%8f%86\/#breadcrumb","itemListElement":[{"@type":"ListItem","position":1,"name":"Accueil","item":"https:\/\/abeille.law\/en\/"},{"@type":"ListItem","position":2,"name":"Palmar\u00e8s du Droit 2023 \ud83c\udfc6"}]},{"@type":"WebSite","@id":"https:\/\/abeille.law\/#website","url":"https:\/\/abeille.law\/","name":"Abeille Avocats","description":"","alternateName":"Abeille Avocats","potentialAction":[{"@type":"SearchAction","target":{"@type":"EntryPoint","urlTemplate":"https:\/\/abeille.law\/?s={search_term_string}"},"query-input":{"@type":"PropertyValueSpecification","valueRequired":true,"valueName":"search_term_string"}}],"inLanguage":"en-US"},{"@type":"Person","@id":"https:\/\/abeille.law\/#\/schema\/person\/843903483ea086194b76fa816dafc6c7","name":"boqrchi","image":{"@type":"ImageObject","inLanguage":"en-US","@id":"https:\/\/abeille.law\/#\/schema\/person\/image\/","url":"https:\/\/abeille.law\/wp-content\/litespeed\/avatar\/ad241171b52f45b0bfb3042f6a0a3294.jpg?ver=1777567414","contentUrl":"https:\/\/abeille.law\/wp-content\/litespeed\/avatar\/ad241171b52f45b0bfb3042f6a0a3294.jpg?ver=1777567414","caption":"boqrchi"}}]}},"_links":{"self":[{"href":"https:\/\/abeille.law\/en\/wp-json\/wp\/v2\/posts\/10506","targetHints":{"allow":["GET"]}}],"collection":[{"href":"https:\/\/abeille.law\/en\/wp-json\/wp\/v2\/posts"}],"about":[{"href":"https:\/\/abeille.law\/en\/wp-json\/wp\/v2\/types\/post"}],"author":[{"embeddable":true,"href":"https:\/\/abeille.law\/en\/wp-json\/wp\/v2\/users\/10"}],"replies":[{"embeddable":true,"href":"https:\/\/abeille.law\/en\/wp-json\/wp\/v2\/comments?post=10506"}],"version-history":[{"count":9,"href":"https:\/\/abeille.law\/en\/wp-json\/wp\/v2\/posts\/10506\/revisions"}],"predecessor-version":[{"id":10690,"href":"https:\/\/abeille.law\/en\/wp-json\/wp\/v2\/posts\/10506\/revisions\/10690"}],"wp:attachment":[{"href":"https:\/\/abeille.law\/en\/wp-json\/wp\/v2\/media?parent=10506"}],"wp:term":[{"taxonomy":"category","embeddable":true,"href":"https:\/\/abeille.law\/en\/wp-json\/wp\/v2\/categories?post=10506"},{"taxonomy":"post_tag","embeddable":true,"href":"https:\/\/abeille.law\/en\/wp-json\/wp\/v2\/tags?post=10506"}],"curies":[{"name":"wp","href":"https:\/\/api.w.org\/{rel}","templated":true}]}}